{"id":2620,"date":"2018-06-28T17:08:38","date_gmt":"2018-06-28T15:08:38","guid":{"rendered":"http:\/\/www.ecoinea.org\/?p=2620"},"modified":"2018-06-28T17:13:43","modified_gmt":"2018-06-28T15:13:43","slug":"actividades-en-torno-a-la-ecologia-mayo-junio-2018","status":"publish","type":"post","link":"http:\/\/www.ecoinea.org\/index.php\/2018\/06\/28\/actividades-en-torno-a-la-ecologia-mayo-junio-2018\/","title":{"rendered":"Actividades en torno a la Ecolog\u00eda Mayo-Junio 2018"},"content":{"rendered":"\t\t<div data-elementor-type=\"wp-post\" data-elementor-id=\"2620\" class=\"elementor elementor-2620 elementor-bc-flex-widget\">\n\t\t\t\t\t\t\t\t\t<section class=\"elementor-section elementor-top-section elementor-element elementor-element-0796566 elementor-section-boxed elementor-section-height-default elementor-section-height-default\" data-id=\"0796566\" data-element_type=\"section\">\n\t\t\t\t\t\t<div class=\"elementor-container elementor-column-gap-default\">\n\t\t\t\t\t<div class=\"elementor-column elementor-col-100 elementor-top-column elementor-element elementor-element-ead4a59\" data-id=\"ead4a59\" data-element_type=\"column\">\n\t\t\t<div class=\"elementor-widget-wrap elementor-element-populated\">\n\t\t\t\t\t\t\t\t<div class=\"elementor-element elementor-element-1334c9d elementor-widget elementor-widget-text-editor\" data-id=\"1334c9d\" data-element_type=\"widget\" data-widget_type=\"text-editor.default\">\n\t\t\t\t<div class=\"elementor-widget-container\">\n\t\t\t\t\t\t\t<p>\u00a0<\/p><p>ACTIVIDADES DE PROFESORES EN MAYO JUNIO<\/p><p>\u00a0<\/p><p>A lo largo de estos meses de final de curso y aprovechando el final de las clases varios profesores de INEA ha tenido la oportunidad de participar en reuniones, congresos, cursos etc. Alguno que los cuales queremos resaltar<\/p><p><strong>Abel Barrios<\/strong> ha participado como ponente en el <strong>&#8220;<\/strong><strong>Curso de formaci\u00f3n en la peritaci\u00f3n de seguros agrarios de cultivos herb\u00e1ceos extensivos<\/strong>&#8221; celebrado en la EU de Ingenier\u00eda Agr\u00edcola de\u00a0\u00a0Valladolid, UP Comillas ICAI-ICADE (INEA), organizado por CEIGRAM con la colaboraci\u00f3n de AGROSEGURO, el 18 de abril de 2018. Tambi\u00e9n ha participado como ponente en el &#8220;<strong>Curso te\u00f3rico pr\u00e1ctico avanzado en producci\u00f3n ecol\u00f3gica: profesionalizaci\u00f3n ecol\u00f3gica, una alternativa<\/strong>&#8220;, celebrado en\u00a0Congosto de Valdavia (Palencia) del 13 de abril al 14 de mayo de 2018. Curso organizado\u00a0por la Junta de Castilla y Le\u00f3n y Ministerio de Agricultura, Pesca, Alimentaci\u00f3n y Medio Ambiente. Financiaci\u00f3n FEADER.<\/p><p><strong>Juan Luis Fradejas y Mar\u00eda Antonia Gonz\u00e1lez<\/strong> han impartido\u00a0 el 14 de Junio en la Escuela de Vi\u00f1alta (Palencia)\u00a0un curso destinado formar en Agricultura Ecol\u00f3gica y asesoramiento para\u00a0un grupo de personas\u00a0funcionarios de la Junta de Castilla y Le\u00f3n que est\u00e1n distribuidos por las Secciones Agrarias Comarcales de las 9 provincias.<\/p><p>\u00a0<\/p><p><strong>Isabel Gonz\u00e1lez Barrag\u00e1n, Irene Guerrero y\u00a0Rub\u00e9n\u00a0Rodrigo<\/strong> han participado en el VII CONGRESO INTERNACIONAL DE AGROECOLOG\u00cdA y SOBERAN\u00cdA ALIMENTARIA realizado en C\u00f3rdoba los d\u00edas 30, 31 de mayo y 1 de junio de 2018 y organizado por: Instituto de Sociolog\u00eda y Estudios Campesinos (ISEC) \u2013 Universidad de C\u00f3rdoba, Grupo de Investigaci\u00f3n en Econom\u00eda Ecol\u00f3xica, Agroecolox\u00eda e Historia \u2013 Universidad de Vigo y Observatorio\u00a0de Soberan\u00eda Alimentaria y Agroecolog\u00eda (OSALA).\u00a0 Los trabajos presentados estaban centrados en algunas de las labores que se desarrollan diariamente en INEA: el amplio proyecto educativo\u00a0que incide en el manejo ecol\u00f3gico y sostenible en agricultura y ganader\u00eda\u00a0y que abarca\u00a0 desde el Grado en Ingenier\u00eda Agr\u00edcola hasta los diferentes cursos de Postgrado y Master. Como ejemplo pr\u00e1ctico e innovador, en este \u00e1mbito educativo, se presentaba tambi\u00e9n el Proyecto de las Pr\u00e1cticas de Laboratorio comunes a dos asignaturas: Edafolog\u00eda y Qu\u00edmica. En t\u00e9rminos de experiencia de transmisi\u00f3n de conocimientos, se ha presentado el Proyecto de Apoyo a la Diversificaci\u00f3n de Cultivos en la Provincia de Valladolid (<a href=\"http:\/\/cultivosalternativos.es\/\">cultivosalternativos.es<\/a>). Y como investigaci\u00f3n propiamente dicha, La Influencia en los Par\u00e1metros F\u00edsico-Qu\u00edmicos del Suelo de la Transformaci\u00f3n de Convencional a Ecol\u00f3gico as\u00ed como el c\u00e1lculo de las huellas de carbono e h\u00eddrica como indicadores de sostenibilidad de la instituci\u00f3n. \u00a0<\/p><p>\u00a0<\/p><p><strong>Raquel Campo<\/strong> ha tenido una ponencia en el <strong>III Congreso Estatal de Huertos Ecol\u00f3gicos Urbanos y Periurbanos<\/strong>. Valencia, 18-19 junio 2018 sobre \u00a0el Proyecto agroecol\u00f3gico de INEA<br \/>Se puede acceder a materiales de dicho congreso a trav\u00e9s de los enlaces que van a continuaci\u00f3n: <br \/>Fotos <a style=\"background-color: #ffffff;\" href=\"https:\/\/photos.app.goo.gl\/2vnVVCDXvkh2m2tY6\">https:\/\/photos.app.goo.gl\/2vnVVCDXvkh2m2tY6<\/a>\u00a0 V\u00eddeos:\u00a0<a style=\"background-color: #ffffff;\" href=\"https:\/\/www.youtube.com\/channel\/UCJ_auHbLRWdAS32wB44GaEw?view_as=subscriber\">https:\/\/www.youtube.com\/channel\/UCJ_auHbLRWdAS32wB44GaEw?view_as=subscriber<\/a>\u00a0 <br \/>Presentaciones \u00a0<a style=\"background-color: #ffffff;\" href=\"https:\/\/www.agroecologia.net\/?p=18421&amp;preview=true\">https:\/\/www.agroecologia.net\/presentaciones-congreso3-huertos\/<\/a><\/p><p>\u00a0<\/p><p><strong>Mar\u00eda Antonia Gonz\u00e1lez<\/strong> ha participado en la investigaci\u00f3n sobre <strong>&#8220;Modelo de Indexaci\u00f3n de precios de la leche de oveja. Revisi\u00f3n de \u00cdndices&#8221;.<\/strong> Entidad contratante: Interprofesional l\u00e1ctea (INLAC). Entidades colaboradoras: Cooperativas de ovino, Industrias l\u00e1cteas y la Federaci\u00f3n espa\u00f1ola de Industrias L\u00e1cteas (FENIL) Equipo de trabajo profesores de la Facultad de Comercio de la UVA. Ha consistido en la elaboraci\u00f3n de un Sistema de indicadores\u00a0\u00a0que permitiera, de forma \u00e1gil y sencilla, dotar al mercado de la leche de oveja de una\u00a0mayor transparencia y\u00a0construir un mecanismo sencillo que posibilitara\u00a0establecer las variaciones de precios de la leche libremente pactados entre los agentes.<\/p><p><strong>Andr\u00e9s G\u00f3mez y Dunia Virto<\/strong> han realizado un estudio sobre la situaci\u00f3n de la <strong>econom\u00eda circular en el sector agroalimentario en la ciudad de Valladolid<\/strong>. El trabajo ha tocado las tiendas, las grandes superficies, las industrias y los consumidores. Las conclusiones del mismo se dar\u00e1n a conocer en breve.<\/p><p><strong>Irene Guerrero y F\u00e9lix Revilla<\/strong> asistieron en Bruselas a un Congreso sobre el futuro de la investigaci\u00f3n en agricultura en Europa que estuvo centrado sobre todo en los temas de innovaci\u00f3n y sostenibilidad <strong>(Agriresearch Conference. Innovating for the future of farming and Rural Communities).<\/strong> Adem\u00e1s Irene Guerrero ha presentado \u00a0el 29 de Junio en el <strong>Congreso de los Diputados<\/strong> el Proyecto Agroecol\u00f3gico de INEA en el marco de una sesi\u00f3n a vierta a Diputados y Senadores para darles a conocer la realidad de la Agroecolog\u00eda en Espa\u00f1a<\/p>\t\t\t\t\t\t<\/div>\n\t\t\t\t<\/div>\n\t\t\t\t\t<\/div>\n\t\t<\/div>\n\t\t\t\t\t\t\t<\/div>\n\t\t<\/section>\n\t\t\t\t<section class=\"elementor-section elementor-top-section elementor-element elementor-element-d794290 elementor-section-boxed elementor-section-height-default elementor-section-height-default\" data-id=\"d794290\" data-element_type=\"section\">\n\t\t\t\t\t\t<div class=\"elementor-container elementor-column-gap-default\">\n\t\t\t\t\t<div class=\"elementor-column elementor-col-100 elementor-top-column elementor-element elementor-element-72d96c1\" data-id=\"72d96c1\" data-element_type=\"column\">\n\t\t\t<div class=\"elementor-widget-wrap elementor-element-populated\">\n\t\t\t\t\t\t\t\t<div class=\"elementor-element elementor-element-00da4d6 elementor-widget elementor-widget-image\" data-id=\"00da4d6\" data-element_type=\"widget\" data-widget_type=\"image.default\">\n\t\t\t\t<div class=\"elementor-widget-container\">\n\t\t\t\t\t\t\t\t\t\t\t\t\t\t\t<img fetchpriority=\"high\" decoding=\"async\" width=\"1024\" height=\"683\" src=\"http:\/\/www.ecoinea.org\/wp-content\/uploads\/2018\/06\/raquel-1024x683.jpg\" class=\"attachment-large size-large wp-image-2621\" alt=\"\" srcset=\"http:\/\/www.ecoinea.org\/wp-content\/uploads\/2018\/06\/raquel-1024x683.jpg 1024w, http:\/\/www.ecoinea.org\/wp-content\/uploads\/2018\/06\/raquel-300x200.jpg 300w, http:\/\/www.ecoinea.org\/wp-content\/uploads\/2018\/06\/raquel-768x512.jpg 768w, http:\/\/www.ecoinea.org\/wp-content\/uploads\/2018\/06\/raquel.jpg 1680w\" sizes=\"(max-width: 1024px) 100vw, 1024px\" \/>\t\t\t\t\t\t\t\t\t\t\t\t\t\t\t<\/div>\n\t\t\t\t<\/div>\n\t\t\t\t\t<\/div>\n\t\t<\/div>\n\t\t\t\t\t\t\t<\/div>\n\t\t<\/section>\n\t\t\t\t\t\t\t<\/div>\n\t\t","protected":false},"excerpt":{"rendered":"<p>\u00a0 ACTIVIDADES DE PROFESORES EN MAYO JUNIO \u00a0 A lo largo de estos meses de final de curso y aprovechando el final de las clases varios profesores de INEA ha tenido la oportunidad de participar en reuniones, congresos, cursos etc. Alguno que los cuales queremos resaltar Abel Barrios ha participado como ponente en el &#8220;Curso &#8230; <a title=\"Actividades en torno a la Ecolog\u00eda Mayo-Junio 2018\" class=\"read-more\" href=\"http:\/\/www.ecoinea.org\/index.php\/2018\/06\/28\/actividades-en-torno-a-la-ecologia-mayo-junio-2018\/\">Leer m\u00e1s<span class=\"screen-reader-text\">Actividades en torno a la Ecolog\u00eda Mayo-Junio 2018<\/span><\/a><\/p>\n","protected":false},"author":1,"featured_media":0,"comment_status":"open","ping_status":"open","sticky":false,"template":"","format":"standard","meta":{"footnotes":""},"categories":[81],"tags":[],"_links":{"self":[{"href":"http:\/\/www.ecoinea.org\/index.php\/wp-json\/wp\/v2\/posts\/2620"}],"collection":[{"href":"http:\/\/www.ecoinea.org\/index.php\/wp-json\/wp\/v2\/posts"}],"about":[{"href":"http:\/\/www.ecoinea.org\/index.php\/wp-json\/wp\/v2\/types\/post"}],"author":[{"embeddable":true,"href":"http:\/\/www.ecoinea.org\/index.php\/wp-json\/wp\/v2\/users\/1"}],"replies":[{"embeddable":true,"href":"http:\/\/www.ecoinea.org\/index.php\/wp-json\/wp\/v2\/comments?post=2620"}],"version-history":[{"count":3,"href":"http:\/\/www.ecoinea.org\/index.php\/wp-json\/wp\/v2\/posts\/2620\/revisions"}],"predecessor-version":[{"id":2625,"href":"http:\/\/www.ecoinea.org\/index.php\/wp-json\/wp\/v2\/posts\/2620\/revisions\/2625"}],"wp:attachment":[{"href":"http:\/\/www.ecoinea.org\/index.php\/wp-json\/wp\/v2\/media?parent=2620"}],"wp:term":[{"taxonomy":"category","embeddable":true,"href":"http:\/\/www.ecoinea.org\/index.php\/wp-json\/wp\/v2\/categories?post=2620"},{"taxonomy":"post_tag","embeddable":true,"href":"http:\/\/www.ecoinea.org\/index.php\/wp-json\/wp\/v2\/tags?post=2620"}],"curies":[{"name":"wp","href":"https:\/\/api.w.org\/{rel}","templated":true}]}}