{"id":2628,"date":"2018-07-17T16:52:50","date_gmt":"2018-07-17T14:52:50","guid":{"rendered":"http:\/\/www.ecoinea.org\/?p=2628"},"modified":"2018-07-17T16:52:50","modified_gmt":"2018-07-17T14:52:50","slug":"desafio-del-talento-solidario","status":"publish","type":"post","link":"http:\/\/www.ecoinea.org\/index.php\/2018\/07\/17\/desafio-del-talento-solidario\/","title":{"rendered":"Desaf\u00edo del Talento Solidario"},"content":{"rendered":"<p><img decoding=\"async\" class=\"alignnone size-medium wp-image-2629\" src=\"http:\/\/www.ecoinea.org\/wp-content\/uploads\/2018\/07\/DESAFIO-2018-PORTADA-WEB-300x86.png\" alt=\"\" width=\"300\" height=\"86\" srcset=\"http:\/\/www.ecoinea.org\/wp-content\/uploads\/2018\/07\/DESAFIO-2018-PORTADA-WEB-300x86.png 300w, http:\/\/www.ecoinea.org\/wp-content\/uploads\/2018\/07\/DESAFIO-2018-PORTADA-WEB-768x221.png 768w, http:\/\/www.ecoinea.org\/wp-content\/uploads\/2018\/07\/DESAFIO-2018-PORTADA-WEB.png 900w\" sizes=\"(max-width: 300px) 100vw, 300px\" \/>Desde el proyecto ecol\u00f3gico que tiene INEA junto con el Ayuntamiento de Valladolid en torno a los huertos, se present\u00f3 una idea ambiental y solidaria a la convocatoria de la Fundaci\u00f3n Bot\u00edn al\u00a0<b>Desaf\u00edo de Talento Solidario<\/b>. Esa idea ha sido seleccionado con otras cuarenta entre un total de m\u00e1s de doscientas. Ahora se trata de trabajar con el resto e ir desarrollando nuestro proyecto, que pasa por ayudar a otras instituciones que trabajan con grupos desfavorecidos a tener su proyecto de huerto social, terape\u00fatico o de ocio<\/p>\n","protected":false},"excerpt":{"rendered":"<p>Desde el proyecto ecol\u00f3gico que tiene INEA junto con el Ayuntamiento de Valladolid en torno a los huertos, se present\u00f3 una idea ambiental y solidaria a la convocatoria de la Fundaci\u00f3n Bot\u00edn al\u00a0Desaf\u00edo de Talento Solidario. Esa idea ha sido seleccionado con otras cuarenta entre un total de m\u00e1s de doscientas. Ahora se trata de &#8230; <a title=\"Desaf\u00edo del Talento Solidario\" class=\"read-more\" href=\"http:\/\/www.ecoinea.org\/index.php\/2018\/07\/17\/desafio-del-talento-solidario\/\">Leer m\u00e1s<span class=\"screen-reader-text\">Desaf\u00edo del Talento Solidario<\/span><\/a><\/p>\n","protected":false},"author":1,"featured_media":0,"comment_status":"open","ping_status":"open","sticky":false,"template":"","format":"standard","meta":{"footnotes":""},"categories":[81],"tags":[],"_links":{"self":[{"href":"http:\/\/www.ecoinea.org\/index.php\/wp-json\/wp\/v2\/posts\/2628"}],"collection":[{"href":"http:\/\/www.ecoinea.org\/index.php\/wp-json\/wp\/v2\/posts"}],"about":[{"href":"http:\/\/www.ecoinea.org\/index.php\/wp-json\/wp\/v2\/types\/post"}],"author":[{"embeddable":true,"href":"http:\/\/www.ecoinea.org\/index.php\/wp-json\/wp\/v2\/users\/1"}],"replies":[{"embeddable":true,"href":"http:\/\/www.ecoinea.org\/index.php\/wp-json\/wp\/v2\/comments?post=2628"}],"version-history":[{"count":1,"href":"http:\/\/www.ecoinea.org\/index.php\/wp-json\/wp\/v2\/posts\/2628\/revisions"}],"predecessor-version":[{"id":2630,"href":"http:\/\/www.ecoinea.org\/index.php\/wp-json\/wp\/v2\/posts\/2628\/revisions\/2630"}],"wp:attachment":[{"href":"http:\/\/www.ecoinea.org\/index.php\/wp-json\/wp\/v2\/media?parent=2628"}],"wp:term":[{"taxonomy":"category","embeddable":true,"href":"http:\/\/www.ecoinea.org\/index.php\/wp-json\/wp\/v2\/categories?post=2628"},{"taxonomy":"post_tag","embeddable":true,"href":"http:\/\/www.ecoinea.org\/index.php\/wp-json\/wp\/v2\/tags?post=2628"}],"curies":[{"name":"wp","href":"https:\/\/api.w.org\/{rel}","templated":true}]}}