{"id":2632,"date":"2018-08-05T10:32:17","date_gmt":"2018-08-05T08:32:17","guid":{"rendered":"http:\/\/www.ecoinea.org\/?p=2632"},"modified":"2018-08-05T10:32:17","modified_gmt":"2018-08-05T08:32:17","slug":"celorio-una-experiencia-espiritual-en-clave-de-laudato-si","status":"publish","type":"post","link":"http:\/\/www.ecoinea.org\/index.php\/2018\/08\/05\/celorio-una-experiencia-espiritual-en-clave-de-laudato-si\/","title":{"rendered":"Celorio Una experiencia espiritual en clave de Laudato SI"},"content":{"rendered":"<p>Un entorno especial, Celorio, para unos d\u00edas especiales, los Ejercicios Espirituales en clave ecol\u00f3gica. Un grupo de 20 personas de Gij\u00f3n, Oviedo, Santander, Zaragoza, Pamplona, Burgos, C\u00f3rdoba y Valladolid ha compartido la experiencia durante la \u00faltima semana de julio un tiempo de oraci\u00f3n, espiritualidad y reflexi\u00f3n que dan sentido al reto propuesto por el papa Francisco del Cuidado de la Casa Com\u00fan. A trav\u00e9s de la enc\u00edclica Laudato\u00a0Si\u00b4 llama a una profunda conversi\u00f3n interior ante la crisis ecol\u00f3gica e invita a ser protectores de la obra de Dios. \u201cNo ser\u00e1 posible comprometerse en cosas grandes s\u00f3lo con doctrinas sin una m\u00edstica que nos anime, sin unos \u201cm\u00f3viles\u201d interiores\u00a0que nos impulsan, motivan, alientan y dan sentido a la pastoral personal y comunitaria\u201d. (LS 216).<\/p>\n<p>Jos\u00e9 Ignacio Garc\u00eda y F\u00e9lix Revilla, jesuitas comprometidos con la causa ecol\u00f3gica y grandes conocedores de la enc\u00edclica y de los Ejercicios ignacianos, guiaron esta experiencia\u00a0 enmarcada en una doble afirmaci\u00f3n: la del Principio y Fundamento -no s\u00f3lo el hombre sino tambi\u00e9n \u201clas otras cosas sobre la haz de la tierra\u201d son creadas por Dios, es decir, provienen de su amor originante-. Y la segunda, la Contemplaci\u00f3n para alcanzar amor de que toda realidad es lugar de encuentro con ese Dios que es y se manifiesta: d\u00e1ndonos las cosas y d\u00e1ndosenos\u00a0en ellas; habit\u00e1ndolas; rebajando en ellas por nosotros y descendiendo a ellas.<\/p>\n<p>Recordamos que para Ignacio, desde sus experiencias espirituales en Manresa, el mundo es una gran teofan\u00eda. En \u00e9l se manifiesta Dios\u00a0y en \u00e9l quiere ser encontrado, adorado, amado y servido. Encontrar a Dios en todas las cosas nos lleva a una profunda conversi\u00f3n ecol\u00f3gica.<\/p>\n<p>El grupo variado\u00a0termin\u00f3 los Ejercicios con profunda gratitud por la oportunidad \u201cque se nos ha brindado, por todo el apoyo y apertura hacia la trascendencia que F\u00e9lix y Jos\u00e9 Ignacio han hecho que surja de nosotros y, por el entorno, Celorio, que\u00a0es una \u201cVentana que da a Dios\u201d (To\u00f1o Garc\u00eda)\u201d, comenta Reyes, de Valladolid. \u201cEl grupo ha sido un regalo, personas comprometidas, cuya vida alienta la esperanza de que un mundo mejor, m\u00e1s justo, solidario y ecol\u00f3gico es posible. Que el Reino est\u00e1 presente\u201d.<img fetchpriority=\"high\" decoding=\"async\" class=\"alignnone size-medium wp-image-2633\" src=\"http:\/\/www.ecoinea.org\/wp-content\/uploads\/2018\/08\/2018-07-30-E.E.-clave-Laudato-Si-6-300x200.jpg\" alt=\"\" width=\"300\" height=\"200\" srcset=\"http:\/\/www.ecoinea.org\/wp-content\/uploads\/2018\/08\/2018-07-30-E.E.-clave-Laudato-Si-6-300x200.jpg 300w, http:\/\/www.ecoinea.org\/wp-content\/uploads\/2018\/08\/2018-07-30-E.E.-clave-Laudato-Si-6-768x512.jpg 768w, http:\/\/www.ecoinea.org\/wp-content\/uploads\/2018\/08\/2018-07-30-E.E.-clave-Laudato-Si-6-1024x683.jpg 1024w, http:\/\/www.ecoinea.org\/wp-content\/uploads\/2018\/08\/2018-07-30-E.E.-clave-Laudato-Si-6.jpg 1600w\" sizes=\"(max-width: 300px) 100vw, 300px\" \/><\/p>\n","protected":false},"excerpt":{"rendered":"<p>Un entorno especial, Celorio, para unos d\u00edas especiales, los Ejercicios Espirituales en clave ecol\u00f3gica. Un grupo de 20 personas de Gij\u00f3n, Oviedo, Santander, Zaragoza, Pamplona, Burgos, C\u00f3rdoba y Valladolid ha compartido la experiencia durante la \u00faltima semana de julio un tiempo de oraci\u00f3n, espiritualidad y reflexi\u00f3n que dan sentido al reto propuesto por el papa &#8230; <a title=\"Celorio Una experiencia espiritual en clave de Laudato SI\" class=\"read-more\" href=\"http:\/\/www.ecoinea.org\/index.php\/2018\/08\/05\/celorio-una-experiencia-espiritual-en-clave-de-laudato-si\/\">Leer m\u00e1s<span class=\"screen-reader-text\">Celorio Una experiencia espiritual en clave de Laudato SI<\/span><\/a><\/p>\n","protected":false},"author":1,"featured_media":0,"comment_status":"open","ping_status":"open","sticky":false,"template":"","format":"standard","meta":{"footnotes":""},"categories":[84,81],"tags":[],"_links":{"self":[{"href":"http:\/\/www.ecoinea.org\/index.php\/wp-json\/wp\/v2\/posts\/2632"}],"collection":[{"href":"http:\/\/www.ecoinea.org\/index.php\/wp-json\/wp\/v2\/posts"}],"about":[{"href":"http:\/\/www.ecoinea.org\/index.php\/wp-json\/wp\/v2\/types\/post"}],"author":[{"embeddable":true,"href":"http:\/\/www.ecoinea.org\/index.php\/wp-json\/wp\/v2\/users\/1"}],"replies":[{"embeddable":true,"href":"http:\/\/www.ecoinea.org\/index.php\/wp-json\/wp\/v2\/comments?post=2632"}],"version-history":[{"count":1,"href":"http:\/\/www.ecoinea.org\/index.php\/wp-json\/wp\/v2\/posts\/2632\/revisions"}],"predecessor-version":[{"id":2634,"href":"http:\/\/www.ecoinea.org\/index.php\/wp-json\/wp\/v2\/posts\/2632\/revisions\/2634"}],"wp:attachment":[{"href":"http:\/\/www.ecoinea.org\/index.php\/wp-json\/wp\/v2\/media?parent=2632"}],"wp:term":[{"taxonomy":"category","embeddable":true,"href":"http:\/\/www.ecoinea.org\/index.php\/wp-json\/wp\/v2\/categories?post=2632"},{"taxonomy":"post_tag","embeddable":true,"href":"http:\/\/www.ecoinea.org\/index.php\/wp-json\/wp\/v2\/tags?post=2632"}],"curies":[{"name":"wp","href":"https:\/\/api.w.org\/{rel}","templated":true}]}}