{"id":2635,"date":"2018-08-05T10:37:02","date_gmt":"2018-08-05T08:37:02","guid":{"rendered":"http:\/\/www.ecoinea.org\/?p=2635"},"modified":"2018-08-23T17:11:57","modified_gmt":"2018-08-23T15:11:57","slug":"mercadillo-ecologico-el-11-de-septiembre-de-2018","status":"publish","type":"post","link":"http:\/\/www.ecoinea.org\/index.php\/2018\/08\/05\/mercadillo-ecologico-el-11-de-septiembre-de-2018\/","title":{"rendered":"Mercadillo ecol\u00f3gico el 11 de Septiembre de 2018"},"content":{"rendered":"<p>Ese d\u00eda, martes 11 de septiembre, despu\u00e9s de acabar las fiestas de Valladolid, celebraremos el mercadillo solidario como cada a\u00f1o. S\u00f3lo que esta vez viene acompa\u00f1ado de muchas m\u00e1s actividades y adem\u00e1s coincide con la celebraci\u00f3n en Inea de una jornada sobre productos ecol\u00f3gicos. Un d\u00eda para disfrutarlo por completo en INEA.\u00a0 Os acompa\u00f1amos el cartel de anuncio previo, pues en unas semanas saldr\u00e1 el Programa completo de lo que celebraremos ese d\u00eda.\u00a0<img decoding=\"async\" class=\"alignnone size-medium wp-image-2640\" src=\"http:\/\/www.ecoinea.org\/wp-content\/uploads\/2018\/08\/cartel-mercadillo-1.5-page-001-150x300.jpg\" alt=\"\" width=\"150\" height=\"300\" srcset=\"http:\/\/www.ecoinea.org\/wp-content\/uploads\/2018\/08\/cartel-mercadillo-1.5-page-001-150x300.jpg 150w, http:\/\/www.ecoinea.org\/wp-content\/uploads\/2018\/08\/cartel-mercadillo-1.5-page-001-768x1536.jpg 768w, http:\/\/www.ecoinea.org\/wp-content\/uploads\/2018\/08\/cartel-mercadillo-1.5-page-001-512x1024.jpg 512w, http:\/\/www.ecoinea.org\/wp-content\/uploads\/2018\/08\/cartel-mercadillo-1.5-page-001.jpg 1772w\" sizes=\"(max-width: 150px) 100vw, 150px\" \/><\/p>\n","protected":false},"excerpt":{"rendered":"<p>Ese d\u00eda, martes 11 de septiembre, despu\u00e9s de acabar las fiestas de Valladolid, celebraremos el mercadillo solidario como cada a\u00f1o. S\u00f3lo que esta vez viene acompa\u00f1ado de muchas m\u00e1s actividades y adem\u00e1s coincide con la celebraci\u00f3n en Inea de una jornada sobre productos ecol\u00f3gicos. Un d\u00eda para disfrutarlo por completo en INEA.\u00a0 Os acompa\u00f1amos el &#8230; <a title=\"Mercadillo ecol\u00f3gico el 11 de Septiembre de 2018\" class=\"read-more\" href=\"http:\/\/www.ecoinea.org\/index.php\/2018\/08\/05\/mercadillo-ecologico-el-11-de-septiembre-de-2018\/\">Leer m\u00e1s<span class=\"screen-reader-text\">Mercadillo ecol\u00f3gico el 11 de Septiembre de 2018<\/span><\/a><\/p>\n","protected":false},"author":1,"featured_media":0,"comment_status":"open","ping_status":"open","sticky":false,"template":"","format":"standard","meta":{"footnotes":""},"categories":[81],"tags":[],"_links":{"self":[{"href":"http:\/\/www.ecoinea.org\/index.php\/wp-json\/wp\/v2\/posts\/2635"}],"collection":[{"href":"http:\/\/www.ecoinea.org\/index.php\/wp-json\/wp\/v2\/posts"}],"about":[{"href":"http:\/\/www.ecoinea.org\/index.php\/wp-json\/wp\/v2\/types\/post"}],"author":[{"embeddable":true,"href":"http:\/\/www.ecoinea.org\/index.php\/wp-json\/wp\/v2\/users\/1"}],"replies":[{"embeddable":true,"href":"http:\/\/www.ecoinea.org\/index.php\/wp-json\/wp\/v2\/comments?post=2635"}],"version-history":[{"count":3,"href":"http:\/\/www.ecoinea.org\/index.php\/wp-json\/wp\/v2\/posts\/2635\/revisions"}],"predecessor-version":[{"id":2641,"href":"http:\/\/www.ecoinea.org\/index.php\/wp-json\/wp\/v2\/posts\/2635\/revisions\/2641"}],"wp:attachment":[{"href":"http:\/\/www.ecoinea.org\/index.php\/wp-json\/wp\/v2\/media?parent=2635"}],"wp:term":[{"taxonomy":"category","embeddable":true,"href":"http:\/\/www.ecoinea.org\/index.php\/wp-json\/wp\/v2\/categories?post=2635"},{"taxonomy":"post_tag","embeddable":true,"href":"http:\/\/www.ecoinea.org\/index.php\/wp-json\/wp\/v2\/tags?post=2635"}],"curies":[{"name":"wp","href":"https:\/\/api.w.org\/{rel}","templated":true}]}}