{"id":2652,"date":"2018-09-13T19:13:13","date_gmt":"2018-09-13T17:13:13","guid":{"rendered":"http:\/\/www.ecoinea.org\/?p=2652"},"modified":"2018-09-13T19:13:13","modified_gmt":"2018-09-13T17:13:13","slug":"mercadillo-de-inea-el-primer-encuentro-del-curso-reune-cada-edicion-a-mas-gente","status":"publish","type":"post","link":"http:\/\/www.ecoinea.org\/index.php\/2018\/09\/13\/mercadillo-de-inea-el-primer-encuentro-del-curso-reune-cada-edicion-a-mas-gente\/","title":{"rendered":"Mercadillo de INEA, el primer encuentro del curso re\u00fane cada edici\u00f3n a m\u00e1s gente"},"content":{"rendered":"<p class=\"flow-text\"><img decoding=\"async\" class=\"alignnone size-medium wp-image-2653\" src=\"http:\/\/www.ecoinea.org\/wp-content\/uploads\/2018\/09\/1-INAUGURACION-reducida-300x166.jpg\" alt=\"\" width=\"300\" height=\"166\" srcset=\"http:\/\/www.ecoinea.org\/wp-content\/uploads\/2018\/09\/1-INAUGURACION-reducida-300x166.jpg 300w, http:\/\/www.ecoinea.org\/wp-content\/uploads\/2018\/09\/1-INAUGURACION-reducida-768x425.jpg 768w, http:\/\/www.ecoinea.org\/wp-content\/uploads\/2018\/09\/1-INAUGURACION-reducida-1024x567.jpg 1024w\" sizes=\"(max-width: 300px) 100vw, 300px\" \/>El Mercadillo Ecol\u00f3gico y Solidario de<a href=\"https:\/\/www.inea.org\/\" target=\"_blank\" rel=\"noopener\">\u00a0INEA<\/a>\u00a0es la fiesta del encuentro y del inicio de curso. Una ocasi\u00f3n especial para reunirse con compa\u00f1eros al aire libre, compartir mesa y apoyar un proyecto solidario a trav\u00e9s de la compra de productos ecol\u00f3gicos y de comercio justo: hortalizas donadas por los hortelanos de INEA y de los huertos Urbanos; el caf\u00e9 capeltic de Come Sano Come Justo, el t\u00e9 marroqu\u00ed de\u00a0<a href=\"http:\/\/www.redincola.org\/\" target=\"_blank\" rel=\"noopener\">Red Incola<\/a>; pan, queso, pasta italiana ecol\u00f3gica al peso, productos de cosm\u00e9tica, de\u00a0<a href=\"https:\/\/www.oxfamintermon.org\/?utm_campaign=es-oxfam-intermon&amp;utm_source=ppc&amp;utm_medium=Google&amp;gclid=CjwKCAjw8uLcBRACEiwAaL6MSU_46Oo26oes0XEv30f792pZ8uVSCgeVApYq3ynw_zbxUrCkEQAtAxoCQycQAvD_BwE\" target=\"_blank\" rel=\"noopener\">Oxfam Interm\u00f3n<\/a>\u00a0y manualidades de las personas con enfermedad mental de<a href=\"http:\/\/www.intras.es\/\" target=\"_blank\" rel=\"noopener\">\u00a0Fundaci\u00f3n Intras<\/a>. \u00a0En esta ocasi\u00f3n los beneficios se destinan a un proyecto de\u00a0<a href=\"https:\/\/www.entreculturas.org\/es\/home\" target=\"_blank\" rel=\"noopener\">Entreculturas\u00a0<\/a>para construir el futuro de mujeres vulnerables en Guatemala. (<a href=\"https:\/\/sjvalladolid.org\/portfolio-item\/proyecto-del-mercadillo-ecologico-y-solidario-de-inea-2018\/\" target=\"_blank\" rel=\"noopener\">Proyecto<\/a>) Ya es casi una cita obligada que cuenta cada a\u00f1o con m\u00e1s asistentes. Ayer se sumaron al almuerzo m\u00e1s de 300 personas que por 5 euros solidarios comieron paella, gazpacho y una gran rodaja de sand\u00eda reci\u00e9n cortada en la finca ecol\u00f3gica de INEA. El encuentro es todo el d\u00eda. Unos pasan y saludan. Otros llegan y se quedan. Un continuo flujo de gente compartiendo y apoyando.<\/p>\n<p class=\"flow-text\">Tambi\u00e9n es el encuentro de la PAL abierta a la ciudad. Porque adem\u00e1s de miembros y colaboradores de las instituciones de la Compa\u00f1\u00eda de Jes\u00fas, -equipo de INEA, colegio San Jos\u00e9 y Cristo Rey, colegio mayor Men\u00e9ndez Pelayo, Entreculturas, Red Incola, Grupo de Comunicaci\u00f3n Loyola y Centro de Gesti\u00f3n- participan representantes de asociaciones vecinales e inauguran la jornada concejales del Ayuntamiento de Valladolid. Ayer asistieron cuatro \u2013Mar\u00eda S\u00e1nchez de Medio Ambiente, Rafaela Romero de Servicios Sociales, Mar\u00eda Victoria Soto de Educaci\u00f3n y Luis V\u00e9lez de Movilidad-. Ellos fueron los encargados de entregar los diplomas de agradecimiento a los colaboradores incondicionales que cuidan de los huertos comunitarios y de guiar a los visitantes que diariamente se acercan a conocer los huertos de la finca INEA. Para cerrar, el baile de zumba y muchos corrillos compartiendo los retos 2018-2019.<\/p>\n","protected":false},"excerpt":{"rendered":"<p>El Mercadillo Ecol\u00f3gico y Solidario de\u00a0INEA\u00a0es la fiesta del encuentro y del inicio de curso. Una ocasi\u00f3n especial para reunirse con compa\u00f1eros al aire libre, compartir mesa y apoyar un proyecto solidario a trav\u00e9s de la compra de productos ecol\u00f3gicos y de comercio justo: hortalizas donadas por los hortelanos de INEA y de los huertos &#8230; <a title=\"Mercadillo de INEA, el primer encuentro del curso re\u00fane cada edici\u00f3n a m\u00e1s gente\" class=\"read-more\" href=\"http:\/\/www.ecoinea.org\/index.php\/2018\/09\/13\/mercadillo-de-inea-el-primer-encuentro-del-curso-reune-cada-edicion-a-mas-gente\/\">Leer m\u00e1s<span class=\"screen-reader-text\">Mercadillo de INEA, el primer encuentro del curso re\u00fane cada edici\u00f3n a m\u00e1s gente<\/span><\/a><\/p>\n","protected":false},"author":1,"featured_media":2653,"comment_status":"open","ping_status":"open","sticky":false,"template":"","format":"standard","meta":{"footnotes":""},"categories":[85,82,81],"tags":[],"_links":{"self":[{"href":"http:\/\/www.ecoinea.org\/index.php\/wp-json\/wp\/v2\/posts\/2652"}],"collection":[{"href":"http:\/\/www.ecoinea.org\/index.php\/wp-json\/wp\/v2\/posts"}],"about":[{"href":"http:\/\/www.ecoinea.org\/index.php\/wp-json\/wp\/v2\/types\/post"}],"author":[{"embeddable":true,"href":"http:\/\/www.ecoinea.org\/index.php\/wp-json\/wp\/v2\/users\/1"}],"replies":[{"embeddable":true,"href":"http:\/\/www.ecoinea.org\/index.php\/wp-json\/wp\/v2\/comments?post=2652"}],"version-history":[{"count":1,"href":"http:\/\/www.ecoinea.org\/index.php\/wp-json\/wp\/v2\/posts\/2652\/revisions"}],"predecessor-version":[{"id":2654,"href":"http:\/\/www.ecoinea.org\/index.php\/wp-json\/wp\/v2\/posts\/2652\/revisions\/2654"}],"wp:featuredmedia":[{"embeddable":true,"href":"http:\/\/www.ecoinea.org\/index.php\/wp-json\/wp\/v2\/media\/2653"}],"wp:attachment":[{"href":"http:\/\/www.ecoinea.org\/index.php\/wp-json\/wp\/v2\/media?parent=2652"}],"wp:term":[{"taxonomy":"category","embeddable":true,"href":"http:\/\/www.ecoinea.org\/index.php\/wp-json\/wp\/v2\/categories?post=2652"},{"taxonomy":"post_tag","embeddable":true,"href":"http:\/\/www.ecoinea.org\/index.php\/wp-json\/wp\/v2\/tags?post=2652"}],"curies":[{"name":"wp","href":"https:\/\/api.w.org\/{rel}","templated":true}]}}