{"id":2656,"date":"2018-09-16T21:47:33","date_gmt":"2018-09-16T19:47:33","guid":{"rendered":"http:\/\/www.ecoinea.org\/?p=2656"},"modified":"2018-09-16T21:47:34","modified_gmt":"2018-09-16T19:47:34","slug":"mercadillo-ecologico-2018","status":"publish","type":"post","link":"http:\/\/www.ecoinea.org\/index.php\/2018\/09\/16\/mercadillo-ecologico-2018\/","title":{"rendered":"Mercadillo Ecol\u00f3gico 2018"},"content":{"rendered":"\n<p>El Mercadillo Ecol\u00f3gico y Solidario de INEA es la fiesta del encuentro y del inicio de curso. Una ocasi\u00f3n especial para reunirse con compa\u00f1eros al aire libre, compartir mesa y apoyar un proyecto solidario a trav\u00e9s de la compra de productos ecol\u00f3gicos y de comercio justo: hortalizas donadas por los hortelanos de INEA y de los huertos Urbanos; el caf\u00e9 capeltic de Come Sano Come Justo, el t\u00e9 marroqu\u00ed de Red Incola; pan, queso, pasta italiana ecol\u00f3gica al peso, productos de cosm\u00e9tica, de Oxfam Interm\u00f3n y manualidades de las personas con enfermedad mental de Fundaci\u00f3n Intras. En esta ocasi\u00f3n los beneficios se destinan a un proyecto de Entreculturas para construir el futuro de mujeres vulnerables en Guatemala. (Proyecto) Ya es casi una cita obligada que cuenta cada a\u00f1o con m\u00e1s asistentes. Ayer se sumaron al almuerzo m\u00e1s de 300 personas que por 5 euros solidarios comieron paella, gazpacho y una gran rodaja de sand\u00eda reci\u00e9n cortada en la finca ecol\u00f3gica de INEA. El encuentro es todo el d\u00eda. Unos pasan y saludan. Otros llegan y se quedan. Un continuo flujo de gente compartiendo y apoyando. Tambi\u00e9n es el encuentro de la PAL abierta a la ciudad. Porque adem\u00e1s de miembros y colaboradores de las instituciones de la Compa\u00f1\u00eda de Jes\u00fas, -equipo de INEA, colegio San Jos\u00e9 y Cristo Rey, colegio mayor Men\u00e9ndez Pelayo, Entreculturas, Red Incola, Grupo de Comunicaci\u00f3n Loyola y Centro de Gesti\u00f3n- participan representantes de asociaciones vecinales e inauguran la jornada concejales del Ayuntamiento de Valladolid. Ayer asistieron cuatro \u2013Mar\u00eda S\u00e1nchez de Medio Ambiente, Rafaela Romero de Servicios Sociales, Mar\u00eda Victoria Soto de Educaci\u00f3n y Luis V\u00e9lez de Movilidad-. Ellos fueron los encargados de entregar los diplomas de agradecimiento a los colaboradores incondicionales que cuidan de los huertos comunitarios y de guiar a los visitantes que diariamente se acercan a conocer los huertos de la finca INEA. Para cerrar, el baile de zumba y muchos corrillos compartiendo los retos 2018-2019.<\/p>\n\n\n\n<figure class=\"wp-block-image\"><img fetchpriority=\"high\" decoding=\"async\" width=\"800\" height=\"443\" src=\"http:\/\/www.ecoinea.org\/wp-content\/uploads\/2018\/09\/l_1-inauguracion-reducida.jpg\" alt=\"\" class=\"wp-image-2657\" srcset=\"http:\/\/www.ecoinea.org\/wp-content\/uploads\/2018\/09\/l_1-inauguracion-reducida.jpg 800w, http:\/\/www.ecoinea.org\/wp-content\/uploads\/2018\/09\/l_1-inauguracion-reducida-300x166.jpg 300w, http:\/\/www.ecoinea.org\/wp-content\/uploads\/2018\/09\/l_1-inauguracion-reducida-768x425.jpg 768w\" sizes=\"(max-width: 800px) 100vw, 800px\" \/><\/figure>\n","protected":false},"excerpt":{"rendered":"<p>El Mercadillo Ecol\u00f3gico y Solidario de INEA es la fiesta del encuentro y del inicio de curso. Una ocasi\u00f3n especial para reunirse con compa\u00f1eros al aire libre, compartir mesa y apoyar un proyecto solidario a trav\u00e9s de la compra de productos ecol\u00f3gicos y de comercio justo: hortalizas donadas por los hortelanos de INEA y de &#8230; <a title=\"Mercadillo Ecol\u00f3gico 2018\" class=\"read-more\" href=\"http:\/\/www.ecoinea.org\/index.php\/2018\/09\/16\/mercadillo-ecologico-2018\/\">Leer m\u00e1s<span class=\"screen-reader-text\">Mercadillo Ecol\u00f3gico 2018<\/span><\/a><\/p>\n","protected":false},"author":1,"featured_media":2653,"comment_status":"open","ping_status":"open","sticky":false,"template":"","format":"standard","meta":{"footnotes":""},"categories":[82,81],"tags":[],"_links":{"self":[{"href":"http:\/\/www.ecoinea.org\/index.php\/wp-json\/wp\/v2\/posts\/2656"}],"collection":[{"href":"http:\/\/www.ecoinea.org\/index.php\/wp-json\/wp\/v2\/posts"}],"about":[{"href":"http:\/\/www.ecoinea.org\/index.php\/wp-json\/wp\/v2\/types\/post"}],"author":[{"embeddable":true,"href":"http:\/\/www.ecoinea.org\/index.php\/wp-json\/wp\/v2\/users\/1"}],"replies":[{"embeddable":true,"href":"http:\/\/www.ecoinea.org\/index.php\/wp-json\/wp\/v2\/comments?post=2656"}],"version-history":[{"count":1,"href":"http:\/\/www.ecoinea.org\/index.php\/wp-json\/wp\/v2\/posts\/2656\/revisions"}],"predecessor-version":[{"id":2658,"href":"http:\/\/www.ecoinea.org\/index.php\/wp-json\/wp\/v2\/posts\/2656\/revisions\/2658"}],"wp:featuredmedia":[{"embeddable":true,"href":"http:\/\/www.ecoinea.org\/index.php\/wp-json\/wp\/v2\/media\/2653"}],"wp:attachment":[{"href":"http:\/\/www.ecoinea.org\/index.php\/wp-json\/wp\/v2\/media?parent=2656"}],"wp:term":[{"taxonomy":"category","embeddable":true,"href":"http:\/\/www.ecoinea.org\/index.php\/wp-json\/wp\/v2\/categories?post=2656"},{"taxonomy":"post_tag","embeddable":true,"href":"http:\/\/www.ecoinea.org\/index.php\/wp-json\/wp\/v2\/tags?post=2656"}],"curies":[{"name":"wp","href":"https:\/\/api.w.org\/{rel}","templated":true}]}}