{"id":2715,"date":"2018-11-22T11:46:08","date_gmt":"2018-11-22T09:46:08","guid":{"rendered":"http:\/\/www.ecoinea.org\/?p=2715"},"modified":"2018-11-22T11:47:05","modified_gmt":"2018-11-22T09:47:05","slug":"afina-la-vista","status":"publish","type":"post","link":"http:\/\/www.ecoinea.org\/index.php\/2018\/11\/22\/afina-la-vista\/","title":{"rendered":"Afina la vista"},"content":{"rendered":"\t\t<div data-elementor-type=\"wp-post\" data-elementor-id=\"2715\" class=\"elementor elementor-2715 elementor-bc-flex-widget\">\n\t\t\t\t\t\t\t\t\t<section class=\"elementor-section elementor-top-section elementor-element elementor-element-39820905 elementor-section-boxed elementor-section-height-default elementor-section-height-default\" data-id=\"39820905\" data-element_type=\"section\">\n\t\t\t\t\t\t<div class=\"elementor-container elementor-column-gap-default\">\n\t\t\t\t\t<div class=\"elementor-column elementor-col-100 elementor-top-column elementor-element elementor-element-16992f16\" data-id=\"16992f16\" data-element_type=\"column\">\n\t\t\t<div class=\"elementor-widget-wrap elementor-element-populated\">\n\t\t\t\t\t\t\t\t<div class=\"elementor-element elementor-element-a56b90a elementor-widget elementor-widget-text-editor\" data-id=\"a56b90a\" data-element_type=\"widget\" data-widget_type=\"text-editor.default\">\n\t\t\t\t<div class=\"elementor-widget-container\">\n\t\t\t\t\t\t\t<!-- wp:paragraph -->\n<p>INEA lanza una\u00a0 propuesta gratuita para alumnos de 1\u00ba de Bachillerato que llamamos &#8220;Afina la vista&#8221;; es un taller agroambiental que pretende introducir a los estudiantes en una mirada y contemplaci\u00f3n distinta de la naturaleza y del entorno que permita hacer diversas lecturas del mundo natural que nos rodea. Estar\u00e1 impartido por profesores-as de INEA y esperamos que tenga una buena acogida entre colegios e institutos de nuestra regi\u00f3n, comenzando por Valladolid. En esta noticia adjuntamos la informaci\u00f3n completa que se ha enviado a los centros.<\/p>\n<!-- \/wp:paragraph -->\t\t\t\t\t\t<\/div>\n\t\t\t\t<\/div>\n\t\t\t\t\t<\/div>\n\t\t<\/div>\n\t\t\t\t\t\t\t<\/div>\n\t\t<\/section>\n\t\t\t\t\t\t\t<\/div>\n\t\t","protected":false},"excerpt":{"rendered":"<p>INEA lanza una\u00a0 propuesta gratuita para alumnos de 1\u00ba de Bachillerato que llamamos &#8220;Afina la vista&#8221;; es un taller agroambiental que pretende introducir a los estudiantes en una mirada y contemplaci\u00f3n distinta de la naturaleza y del entorno que permita hacer diversas lecturas del mundo natural que nos rodea. Estar\u00e1 impartido por profesores-as de INEA &#8230; <a title=\"Afina la vista\" class=\"read-more\" href=\"http:\/\/www.ecoinea.org\/index.php\/2018\/11\/22\/afina-la-vista\/\">Leer m\u00e1s<span class=\"screen-reader-text\">Afina la vista<\/span><\/a><\/p>\n","protected":false},"author":1,"featured_media":0,"comment_status":"closed","ping_status":"closed","sticky":false,"template":"","format":"standard","meta":{"footnotes":""},"categories":[81],"tags":[],"_links":{"self":[{"href":"http:\/\/www.ecoinea.org\/index.php\/wp-json\/wp\/v2\/posts\/2715"}],"collection":[{"href":"http:\/\/www.ecoinea.org\/index.php\/wp-json\/wp\/v2\/posts"}],"about":[{"href":"http:\/\/www.ecoinea.org\/index.php\/wp-json\/wp\/v2\/types\/post"}],"author":[{"embeddable":true,"href":"http:\/\/www.ecoinea.org\/index.php\/wp-json\/wp\/v2\/users\/1"}],"replies":[{"embeddable":true,"href":"http:\/\/www.ecoinea.org\/index.php\/wp-json\/wp\/v2\/comments?post=2715"}],"version-history":[{"count":3,"href":"http:\/\/www.ecoinea.org\/index.php\/wp-json\/wp\/v2\/posts\/2715\/revisions"}],"predecessor-version":[{"id":2718,"href":"http:\/\/www.ecoinea.org\/index.php\/wp-json\/wp\/v2\/posts\/2715\/revisions\/2718"}],"wp:attachment":[{"href":"http:\/\/www.ecoinea.org\/index.php\/wp-json\/wp\/v2\/media?parent=2715"}],"wp:term":[{"taxonomy":"category","embeddable":true,"href":"http:\/\/www.ecoinea.org\/index.php\/wp-json\/wp\/v2\/categories?post=2715"},{"taxonomy":"post_tag","embeddable":true,"href":"http:\/\/www.ecoinea.org\/index.php\/wp-json\/wp\/v2\/tags?post=2715"}],"curies":[{"name":"wp","href":"https:\/\/api.w.org\/{rel}","templated":true}]}}