{"id":2727,"date":"2018-12-01T18:42:45","date_gmt":"2018-12-01T16:42:45","guid":{"rendered":"http:\/\/www.ecoinea.org\/?p=2727"},"modified":"2018-12-01T18:42:46","modified_gmt":"2018-12-01T16:42:46","slug":"inea-diputacion-cultivos-alternativos","status":"publish","type":"post","link":"http:\/\/www.ecoinea.org\/index.php\/2018\/12\/01\/inea-diputacion-cultivos-alternativos\/","title":{"rendered":"INEA-Diputaci\u00f3n Cultivos alternativos"},"content":{"rendered":"\n<p>El futuro de campo es una prioridad para INEA y&nbsp;para la Diputaci\u00f3n de Valladolid. Ambas instituciones colaboran en un proyecto de investigaci\u00f3n y de difusi\u00f3n sobre cultivos alternativos en la provincia. Un trabajo cuyo fruto est\u00e1 reflejado en la web&nbsp;<a href=\"https:\/\/cultivosalternativos.es\/index.php\">cultivosalternativos.es<\/a>&nbsp;y que&nbsp;este martes los alumnos de la Escuela de Ingenier\u00eda Agr\u00edcola y el presidente de la Diputaci\u00f3n, Jes\u00fas Julio Carnero, han tenido oportunidad de conocer. El Aula INEA, un encuentro semanal fijado para #<em>LosMartesVerdes,&nbsp;<\/em>ha reunido a los estudiantes de Ingenier\u00eda Agr\u00edcola y Agroambiental del centro adscrito a la Universidad Pontificia Comillas ICAI-ICADE y al m\u00e1ximo responsable de la pol\u00edtica provincial. Un encuentro especial que ha propiciado que dos generaciones compartan interrogantes sobre el futuro del campo: despoblaci\u00f3n, pol\u00edticas de desarrollo rural, de desarrollo sostenible y otras actuaciones en beneficio del campo. \u201cSi algo tiene nuestro mundo rural es que no se deslocaliza. Estamos haciendo una agricultura de calidad, y buena prueba de ello es esta Escuela, que nos conduce de una agricultura tradicional a otra que promete productos agroalimentarios de calidad\u201d, dec\u00eda Jes\u00fas Julio Carnero en su defensa de un futuro \u201cde \u00e9xito\u201d para el campo de la provincia. Y \u00e9l mismo, tiene claro qui\u00e9nes son los aut\u00e9nticos valedores de este futuro: los j\u00f3venes.<\/p>\n\n\n\n<figure class=\"wp-block-image\"><img fetchpriority=\"high\" decoding=\"async\" width=\"1536\" height=\"1314\" src=\"http:\/\/www.ecoinea.org\/wp-content\/uploads\/2018\/12\/INEA-DIPUTACION.jpg\" alt=\"\" class=\"wp-image-2728\" srcset=\"http:\/\/www.ecoinea.org\/wp-content\/uploads\/2018\/12\/INEA-DIPUTACION.jpg 1536w, http:\/\/www.ecoinea.org\/wp-content\/uploads\/2018\/12\/INEA-DIPUTACION-300x257.jpg 300w, http:\/\/www.ecoinea.org\/wp-content\/uploads\/2018\/12\/INEA-DIPUTACION-768x657.jpg 768w, http:\/\/www.ecoinea.org\/wp-content\/uploads\/2018\/12\/INEA-DIPUTACION-1024x876.jpg 1024w\" sizes=\"(max-width: 1536px) 100vw, 1536px\" \/><figcaption>Jes\u00fas Julio\u00a0 Carnero y F\u00b4\u00b4elix Revilla junto a una cesta de Alimentos d e Valladolid<\/figcaption><\/figure>\n\n\n\n<p>La web&nbsp;<a href=\"https:\/\/cultivosalternativos.es\/index.php\">cultivosalternativos.es<\/a>&nbsp;es un servicio a la comunidad agr\u00edcola de la provincia y de Castilla y Le\u00f3n.&nbsp; Una \u00fatil herramienta para la toma de decisiones de explotaciones futuras. En la actualidad, la apuesta por la introducci\u00f3n de una mayor diversidad de cultivos es importante. Se trata de un valor por lo que implica de innovaci\u00f3n, rentabilidad e ilusi\u00f3n.&nbsp; Pistacho, alpiste, mijo, lavand\u00edn, almendro, trufa negra, olivos\u2026.as\u00ed hasta 16 cultivos alternativos pueblan los campos de la provincia seg\u00fan este estudio. Y ahora, gracias a esta herramienta, puede conocerse su comportamiento ante el futuro cambio clim\u00e1tico y su rentabilidad. Dunia Virto y Mar\u00eda Antonia Gonz\u00e1lez explicaron los aspectos desarrollados en el proyecto de cultivos alternativos. Posteriormente, el debate se adentr\u00f3 en ese futuro incierto por el que unos apuestan como futuros profesionales y otros como responsables de pol\u00edticas que incentiven la vida en el mundo rural. \u201cCreemos que es muy importante para los alumnos participar en sesiones como esta. Principalmente porque a ellos les preocupa&nbsp;el futuro del medio rural y este proyecto est\u00e1 muy ligado a \u00e9l\u201d.<\/p>\n","protected":false},"excerpt":{"rendered":"<p>El futuro de campo es una prioridad para INEA y&nbsp;para la Diputaci\u00f3n de Valladolid. Ambas instituciones colaboran en un proyecto de investigaci\u00f3n y de difusi\u00f3n sobre cultivos alternativos en la provincia. Un trabajo cuyo fruto est\u00e1 reflejado en la web&nbsp;cultivosalternativos.es&nbsp;y que&nbsp;este martes los alumnos de la Escuela de Ingenier\u00eda Agr\u00edcola y el presidente de la &#8230; <a title=\"INEA-Diputaci\u00f3n Cultivos alternativos\" class=\"read-more\" href=\"http:\/\/www.ecoinea.org\/index.php\/2018\/12\/01\/inea-diputacion-cultivos-alternativos\/\">Leer m\u00e1s<span class=\"screen-reader-text\">INEA-Diputaci\u00f3n Cultivos alternativos<\/span><\/a><\/p>\n","protected":false},"author":1,"featured_media":0,"comment_status":"closed","ping_status":"closed","sticky":false,"template":"","format":"standard","meta":{"footnotes":""},"categories":[81],"tags":[],"_links":{"self":[{"href":"http:\/\/www.ecoinea.org\/index.php\/wp-json\/wp\/v2\/posts\/2727"}],"collection":[{"href":"http:\/\/www.ecoinea.org\/index.php\/wp-json\/wp\/v2\/posts"}],"about":[{"href":"http:\/\/www.ecoinea.org\/index.php\/wp-json\/wp\/v2\/types\/post"}],"author":[{"embeddable":true,"href":"http:\/\/www.ecoinea.org\/index.php\/wp-json\/wp\/v2\/users\/1"}],"replies":[{"embeddable":true,"href":"http:\/\/www.ecoinea.org\/index.php\/wp-json\/wp\/v2\/comments?post=2727"}],"version-history":[{"count":1,"href":"http:\/\/www.ecoinea.org\/index.php\/wp-json\/wp\/v2\/posts\/2727\/revisions"}],"predecessor-version":[{"id":2729,"href":"http:\/\/www.ecoinea.org\/index.php\/wp-json\/wp\/v2\/posts\/2727\/revisions\/2729"}],"wp:attachment":[{"href":"http:\/\/www.ecoinea.org\/index.php\/wp-json\/wp\/v2\/media?parent=2727"}],"wp:term":[{"taxonomy":"category","embeddable":true,"href":"http:\/\/www.ecoinea.org\/index.php\/wp-json\/wp\/v2\/categories?post=2727"},{"taxonomy":"post_tag","embeddable":true,"href":"http:\/\/www.ecoinea.org\/index.php\/wp-json\/wp\/v2\/tags?post=2727"}],"curies":[{"name":"wp","href":"https:\/\/api.w.org\/{rel}","templated":true}]}}