{"id":2767,"date":"2019-02-03T13:49:45","date_gmt":"2019-02-03T11:49:45","guid":{"rendered":"http:\/\/www.ecoinea.org\/?p=2767"},"modified":"2019-02-03T13:54:35","modified_gmt":"2019-02-03T11:54:35","slug":"ingeniers-inea-en-feria-agraria","status":"publish","type":"post","link":"http:\/\/www.ecoinea.org\/index.php\/2019\/02\/03\/ingeniers-inea-en-feria-agraria\/","title":{"rendered":"Ingenier@s INEA en Feria Agraria"},"content":{"rendered":"\t\t<div data-elementor-type=\"wp-post\" data-elementor-id=\"2767\" class=\"elementor elementor-2767 elementor-bc-flex-widget\">\n\t\t\t\t\t\t\t\t\t<section class=\"elementor-section elementor-top-section elementor-element elementor-element-417bf875 elementor-section-boxed elementor-section-height-default elementor-section-height-default\" data-id=\"417bf875\" data-element_type=\"section\">\n\t\t\t\t\t\t<div class=\"elementor-container elementor-column-gap-default\">\n\t\t\t\t\t<div class=\"elementor-column elementor-col-100 elementor-top-column elementor-element elementor-element-24e1cc4f\" data-id=\"24e1cc4f\" data-element_type=\"column\">\n\t\t\t<div class=\"elementor-widget-wrap elementor-element-populated\">\n\t\t\t\t\t\t\t\t<div class=\"elementor-element elementor-element-1dead43a elementor-widget elementor-widget-text-editor\" data-id=\"1dead43a\" data-element_type=\"widget\" data-widget_type=\"text-editor.default\">\n\t\t\t\t<div class=\"elementor-widget-container\">\n\t\t\t\t\t\t\t<!-- wp:paragraph -->\n<p>\n\nM\u00e1s de 120 ingenieros, ellos y ellas, han trabajado en la \u00faltima edici\u00f3n de la Feria Agraria de Valladolid. Es una muestra del trabajo importante que realizan nuestros Egresados en el tejido agrario y agroalimentario de Castilla y Le\u00f3n y de Espa\u00f1a. Aqu\u00ed s\u00f3lo hay una peque\u00f1a muestra de esas m\u00e1s de 3000 personas que se distribuyen por el mundo de la bodega y el vino, la ganader\u00eda, la administraci\u00f3n, las explotaciones, las cooperativas, la gesti\u00f3n, etc. La gente de Inea siempre nos identificamos con el recuerdo de los buenos momentos vividos juntos durante la carrera (los malos siempre se olvidan); enseguida hacemos grupo, conversaci\u00f3n y alegr\u00eda. Buen fin de feria para todos y aqu\u00ed queda un recuerdo de estos d\u00edas vividos juntos. Tambi\u00e9n muchos de nuestros alumnos actuales se han dejado caer por la Feria para empaparse de m\u00e1quinas, productos, relaciones, ambiente. La Feria debiera convalidar alguna d\u00e9cima en la asignatura de Maquinaria \u00bfno?\n\n<\/p>\n<!-- \/wp:paragraph -->\t\t\t\t\t\t<\/div>\n\t\t\t\t<\/div>\n\t\t\t\t\t<\/div>\n\t\t<\/div>\n\t\t\t\t\t\t\t<\/div>\n\t\t<\/section>\n\t\t\t\t<section class=\"elementor-section elementor-top-section elementor-element elementor-element-0a165fd elementor-section-boxed elementor-section-height-default elementor-section-height-default\" data-id=\"0a165fd\" data-element_type=\"section\">\n\t\t\t\t\t\t<div class=\"elementor-container elementor-column-gap-default\">\n\t\t\t\t\t<div class=\"elementor-column elementor-col-100 elementor-top-column elementor-element elementor-element-ee572ef\" data-id=\"ee572ef\" data-element_type=\"column\">\n\t\t\t<div class=\"elementor-widget-wrap elementor-element-populated\">\n\t\t\t\t\t\t\t\t<div class=\"elementor-element elementor-element-af75a49 elementor-widget elementor-widget-video\" data-id=\"af75a49\" data-element_type=\"widget\" data-settings=\"{&quot;youtube_url&quot;:&quot;&lt;iframe width=\\&quot;560\\&quot; height=\\&quot;315\\&quot; src=\\&quot;https:\\\/\\\/www.youtube.com\\\/embed\\\/lOMds5xkyBI\\&quot; frameborder=\\&quot;0\\&quot; allow=\\&quot;accelerometer; autoplay; encrypted-media; gyroscope; picture-in-picture\\&quot; allowfullscreen&gt;&lt;\\\/iframe&gt;&quot;,&quot;start&quot;:3,&quot;autoplay&quot;:&quot;yes&quot;,&quot;loop&quot;:&quot;yes&quot;,&quot;video_type&quot;:&quot;youtube&quot;,&quot;controls&quot;:&quot;yes&quot;}\" data-widget_type=\"video.default\">\n\t\t\t\t<div class=\"elementor-widget-container\">\n\t\t\t\t\t<div class=\"elementor-wrapper elementor-open-inline\">\n\t\t\t<div class=\"elementor-video\"><\/div>\t\t<\/div>\n\t\t\t\t<\/div>\n\t\t\t\t<\/div>\n\t\t\t\t\t<\/div>\n\t\t<\/div>\n\t\t\t\t\t\t\t<\/div>\n\t\t<\/section>\n\t\t\t\t\t\t\t<\/div>\n\t\t","protected":false},"excerpt":{"rendered":"<p>M\u00e1s de 120 ingenieros, ellos y ellas, han trabajado en la \u00faltima edici\u00f3n de la Feria Agraria de Valladolid. Es una muestra del trabajo importante que realizan nuestros Egresados en el tejido agrario y agroalimentario de Castilla y Le\u00f3n y de Espa\u00f1a. Aqu\u00ed s\u00f3lo hay una peque\u00f1a muestra de esas m\u00e1s de 3000 personas que &#8230; <a title=\"Ingenier@s INEA en Feria Agraria\" class=\"read-more\" href=\"http:\/\/www.ecoinea.org\/index.php\/2019\/02\/03\/ingeniers-inea-en-feria-agraria\/\">Leer m\u00e1s<span class=\"screen-reader-text\">Ingenier@s INEA en Feria Agraria<\/span><\/a><\/p>\n","protected":false},"author":1,"featured_media":2771,"comment_status":"closed","ping_status":"closed","sticky":false,"template":"","format":"standard","meta":{"footnotes":""},"categories":[81],"tags":[],"_links":{"self":[{"href":"http:\/\/www.ecoinea.org\/index.php\/wp-json\/wp\/v2\/posts\/2767"}],"collection":[{"href":"http:\/\/www.ecoinea.org\/index.php\/wp-json\/wp\/v2\/posts"}],"about":[{"href":"http:\/\/www.ecoinea.org\/index.php\/wp-json\/wp\/v2\/types\/post"}],"author":[{"embeddable":true,"href":"http:\/\/www.ecoinea.org\/index.php\/wp-json\/wp\/v2\/users\/1"}],"replies":[{"embeddable":true,"href":"http:\/\/www.ecoinea.org\/index.php\/wp-json\/wp\/v2\/comments?post=2767"}],"version-history":[{"count":4,"href":"http:\/\/www.ecoinea.org\/index.php\/wp-json\/wp\/v2\/posts\/2767\/revisions"}],"predecessor-version":[{"id":2774,"href":"http:\/\/www.ecoinea.org\/index.php\/wp-json\/wp\/v2\/posts\/2767\/revisions\/2774"}],"wp:featuredmedia":[{"embeddable":true,"href":"http:\/\/www.ecoinea.org\/index.php\/wp-json\/wp\/v2\/media\/2771"}],"wp:attachment":[{"href":"http:\/\/www.ecoinea.org\/index.php\/wp-json\/wp\/v2\/media?parent=2767"}],"wp:term":[{"taxonomy":"category","embeddable":true,"href":"http:\/\/www.ecoinea.org\/index.php\/wp-json\/wp\/v2\/categories?post=2767"},{"taxonomy":"post_tag","embeddable":true,"href":"http:\/\/www.ecoinea.org\/index.php\/wp-json\/wp\/v2\/tags?post=2767"}],"curies":[{"name":"wp","href":"https:\/\/api.w.org\/{rel}","templated":true}]}}