{"id":2781,"date":"2019-02-20T18:19:20","date_gmt":"2019-02-20T16:19:20","guid":{"rendered":"http:\/\/www.ecoinea.org\/?p=2781"},"modified":"2019-02-20T18:20:55","modified_gmt":"2019-02-20T16:20:55","slug":"convenio-aquavall-y-fundacion-inea","status":"publish","type":"post","link":"http:\/\/www.ecoinea.org\/index.php\/2019\/02\/20\/convenio-aquavall-y-fundacion-inea\/","title":{"rendered":"Convenio Aquavall y Fundaci\u00f3n INEA"},"content":{"rendered":"\t\t<div data-elementor-type=\"wp-post\" data-elementor-id=\"2781\" class=\"elementor elementor-2781 elementor-bc-flex-widget\">\n\t\t\t\t\t\t\t\t\t<section class=\"elementor-section elementor-top-section elementor-element elementor-element-11ceaf79 elementor-section-boxed elementor-section-height-default elementor-section-height-default\" data-id=\"11ceaf79\" data-element_type=\"section\">\n\t\t\t\t\t\t<div class=\"elementor-container elementor-column-gap-default\">\n\t\t\t\t\t<div class=\"elementor-column elementor-col-100 elementor-top-column elementor-element elementor-element-3ebb2fc6\" data-id=\"3ebb2fc6\" data-element_type=\"column\">\n\t\t\t<div class=\"elementor-widget-wrap elementor-element-populated\">\n\t\t\t\t\t\t\t\t<div class=\"elementor-element elementor-element-217403c1 elementor-widget elementor-widget-text-editor\" data-id=\"217403c1\" data-element_type=\"widget\" data-widget_type=\"text-editor.default\">\n\t\t\t\t<div class=\"elementor-widget-container\">\n\t\t\t\t\t\t\t<!-- wp:paragraph -->\n<p><strong>AQUAVALL Y LA FUNDACI\u00d3N INEA FIRMAN UN PROTOCOLO DE COLABORACI\u00d3N PARA EL FOMENTO DEL CONSUMO DE AGUA DEL GRIFO Y LA DISMINUCI\u00d3N DE LA UTILIZACI\u00d3N DE ENVASES DE PL\u00c1STICO DE UN SOLO USO<\/strong><\/p>\n<!-- \/wp:paragraph -->\n\n<!-- wp:paragraph -->\n<p><strong>\u201cM\u00e1s consumo del agua de grifo y menos uso de botellas de\npl\u00e1stico.\u201d<\/strong><\/p>\n<!-- \/wp:paragraph -->\n\n<!-- wp:paragraph -->\n<p>La Concejala de Medio Ambiente y\nSostenibilidad y presidenta del Consejo de administraci\u00f3n de AQUAVALL, Mar\u00eda S\u00e1nchez,\ny el Presidente de la Fundaci\u00f3n INEA han firmado esta ma\u00f1ana este protocolo que\nafianza el compromiso del Ayuntamiento y Aquavall con las instituciones, en\neste caso con la FUNDACION INEA, para el desarrollo sostenible. &nbsp;<\/p>\n<!-- \/wp:paragraph -->\n\n<!-- wp:paragraph -->\n<p>Este protocolo de colaboraci\u00f3n\nentre La Fundaci\u00f3n INEA y AQUAVALL contempla acciones para fomentar el beber\nagua corriente y evitar el consumo de envases de pl\u00e1stico de un solo uso. Para ello\nla Escuela de Ingenier\u00eda Agr\u00edcola de Valladolid desarrollar\u00e1 la campa\u00f1a\n\u201cRellena, manda un mensaje con tu botella\u201d. Es una acci\u00f3n financiada parcialmente\npor el Ayuntamiento de Valladolid a trav\u00e9s de su convocatoria de subvenciones\npara el fomento de la Econom\u00eda Circular. Con ella, INEA responde a su\ncompromiso en el cuidado de la Casa Com\u00fan. <\/p>\n<!-- \/wp:paragraph -->\n\n<!-- wp:paragraph -->\n<p>INEA promocionar\u00e1 la utilizaci\u00f3n\nde botellas recargables y el consumo del agua de grifo dando a conocer los\npuntos donde es posible rellenar las botellas, sean p\u00fablicos, privados, fuentes,\ncomercios, centros c\u00edvicos, polideportivos, estadios, centros comerciales&#8230; La\nweb rellena.es operativa a partir de mayo, presentar\u00e1 un mapa donde estar\u00e1n\nmarcados cada uno de esos lugares donde es posible encontrar agua sana y\ngratis. La sensibilizaci\u00f3n ya ha iniciado en centros escolares, en los huertos\necol\u00f3gicos y urbanos de Valladolid, en la Granja Escuela Las Cortas de Blas.\nCon el apoyo de Entreculturas se llegar\u00e1 a muchos escolares en este proceso de\nsensibilizaci\u00f3n a trav\u00e9s de c\u00f3mic, concursos de redacci\u00f3n sobre el mensaje en\nuna botella que alerte sobre el peligro del pl\u00e1stico.<\/p>\n<!-- \/wp:paragraph -->\n\n<!-- wp:paragraph -->\n<p>Para el presidente de la Fundaci\u00f3n\nde INEA, F\u00e9lix Revilla, las empresas envasadoras de agua y refrescos ponen el\nacento en el reciclaje, lo que es su obligaci\u00f3n, cuando en realidad debe estar\nen la prohibici\u00f3n del uso de envases de pl\u00e1stico de un s\u00f3lo uso, de los que se\nfabrican dos millones por minuto en el mundo, envenenando el planeta. \u201c<strong><em>Ante\neste sadismo ambiental, los ciudadanos tenemos que reaccionar negando esta\nrealidad con un consumo responsable, hasta que llegue el d\u00eda en que la Uni\u00f3n\nEuropea y los pa\u00edses se atrevan a legislar contra este uso indiscriminado de\nenvases de pl\u00e1stico promovido por un lobby de envasadores\u201d.<\/em><\/strong><\/p>\n<!-- \/wp:paragraph -->\n\n<!-- wp:paragraph -->\n<p>Mar\u00eda Sanchez ha destacado que \u201c<strong><em>se\nsigue avanzando en pol\u00edticas de medio ambiente y en este caso junto con INEA,\nentidad con la que lleva a\u00f1os colaborando el Ayuntamiento de Valladolid con los\nHuertos Urbanos, un recurso muy importante tanto social, como educacional por\nel medio ambiente y por las personas<\/em><\/strong>\u201d. A su vez<strong><em>, <\/em><\/strong>Mar\u00eda Sanchez ha querido\nsubrayar<strong><em> \u201cla calidad del agua del grifo de Valladolid, garantizada por 2.795\nan\u00e1lisis de control de agua potable y con 25.880 par\u00e1metros analizados\nanualmente\u201d<\/em><\/strong><\/p>\n<!-- \/wp:paragraph -->\t\t\t\t\t\t<\/div>\n\t\t\t\t<\/div>\n\t\t\t\t\t<\/div>\n\t\t<\/div>\n\t\t\t\t\t\t\t<\/div>\n\t\t<\/section>\n\t\t\t\t<section class=\"elementor-section elementor-top-section elementor-element elementor-element-09fd1e7 elementor-section-boxed elementor-section-height-default elementor-section-height-default\" data-id=\"09fd1e7\" data-element_type=\"section\">\n\t\t\t\t\t\t<div class=\"elementor-container elementor-column-gap-default\">\n\t\t\t\t\t<div class=\"elementor-column elementor-col-100 elementor-top-column elementor-element elementor-element-71d176d\" data-id=\"71d176d\" data-element_type=\"column\">\n\t\t\t<div class=\"elementor-widget-wrap elementor-element-populated\">\n\t\t\t\t\t\t\t\t<div class=\"elementor-element elementor-element-a90259a elementor-widget elementor-widget-image\" data-id=\"a90259a\" data-element_type=\"widget\" data-widget_type=\"image.default\">\n\t\t\t\t<div class=\"elementor-widget-container\">\n\t\t\t\t\t\t\t\t\t\t\t\t\t\t\t<img fetchpriority=\"high\" decoding=\"async\" width=\"860\" height=\"571\" src=\"http:\/\/www.ecoinea.org\/wp-content\/uploads\/2019\/02\/aquavall.jpg\" class=\"attachment-large size-large wp-image-2783\" alt=\"\" srcset=\"http:\/\/www.ecoinea.org\/wp-content\/uploads\/2019\/02\/aquavall.jpg 860w, http:\/\/www.ecoinea.org\/wp-content\/uploads\/2019\/02\/aquavall-300x199.jpg 300w, http:\/\/www.ecoinea.org\/wp-content\/uploads\/2019\/02\/aquavall-768x510.jpg 768w\" sizes=\"(max-width: 860px) 100vw, 860px\" \/>\t\t\t\t\t\t\t\t\t\t\t\t\t\t\t<\/div>\n\t\t\t\t<\/div>\n\t\t\t\t\t<\/div>\n\t\t<\/div>\n\t\t\t\t\t\t\t<\/div>\n\t\t<\/section>\n\t\t\t\t\t\t\t<\/div>\n\t\t","protected":false},"excerpt":{"rendered":"<p>AQUAVALL Y LA FUNDACI\u00d3N INEA FIRMAN UN PROTOCOLO DE COLABORACI\u00d3N PARA EL FOMENTO DEL CONSUMO DE AGUA DEL GRIFO Y LA DISMINUCI\u00d3N DE LA UTILIZACI\u00d3N DE ENVASES DE PL\u00c1STICO DE UN SOLO USO \u201cM\u00e1s consumo del agua de grifo y menos uso de botellas de pl\u00e1stico.\u201d La Concejala de Medio Ambiente y Sostenibilidad y presidenta &#8230; <a title=\"Convenio Aquavall y Fundaci\u00f3n INEA\" class=\"read-more\" href=\"http:\/\/www.ecoinea.org\/index.php\/2019\/02\/20\/convenio-aquavall-y-fundacion-inea\/\">Leer m\u00e1s<span class=\"screen-reader-text\">Convenio Aquavall y Fundaci\u00f3n INEA<\/span><\/a><\/p>\n","protected":false},"author":1,"featured_media":0,"comment_status":"closed","ping_status":"closed","sticky":false,"template":"","format":"standard","meta":{"footnotes":""},"categories":[81],"tags":[],"_links":{"self":[{"href":"http:\/\/www.ecoinea.org\/index.php\/wp-json\/wp\/v2\/posts\/2781"}],"collection":[{"href":"http:\/\/www.ecoinea.org\/index.php\/wp-json\/wp\/v2\/posts"}],"about":[{"href":"http:\/\/www.ecoinea.org\/index.php\/wp-json\/wp\/v2\/types\/post"}],"author":[{"embeddable":true,"href":"http:\/\/www.ecoinea.org\/index.php\/wp-json\/wp\/v2\/users\/1"}],"replies":[{"embeddable":true,"href":"http:\/\/www.ecoinea.org\/index.php\/wp-json\/wp\/v2\/comments?post=2781"}],"version-history":[{"count":3,"href":"http:\/\/www.ecoinea.org\/index.php\/wp-json\/wp\/v2\/posts\/2781\/revisions"}],"predecessor-version":[{"id":2785,"href":"http:\/\/www.ecoinea.org\/index.php\/wp-json\/wp\/v2\/posts\/2781\/revisions\/2785"}],"wp:attachment":[{"href":"http:\/\/www.ecoinea.org\/index.php\/wp-json\/wp\/v2\/media?parent=2781"}],"wp:term":[{"taxonomy":"category","embeddable":true,"href":"http:\/\/www.ecoinea.org\/index.php\/wp-json\/wp\/v2\/categories?post=2781"},{"taxonomy":"post_tag","embeddable":true,"href":"http:\/\/www.ecoinea.org\/index.php\/wp-json\/wp\/v2\/tags?post=2781"}],"curies":[{"name":"wp","href":"https:\/\/api.w.org\/{rel}","templated":true}]}}