{"id":2835,"date":"2019-04-25T13:04:02","date_gmt":"2019-04-25T11:04:02","guid":{"rendered":"http:\/\/www.ecoinea.org\/?p=2835"},"modified":"2019-04-25T13:04:03","modified_gmt":"2019-04-25T11:04:03","slug":"firmas-por-rellena","status":"publish","type":"post","link":"http:\/\/www.ecoinea.org\/index.php\/2019\/04\/25\/firmas-por-rellena\/","title":{"rendered":"Firmas por Rellena"},"content":{"rendered":"\n<h1 class=\"wp-block-heading\"><a href=\"https:\/\/www.visibles.org\/es\/causas\/democracia-y-participacion\/firma-para-que-en-tu-ciudad-se-instalen-mas-fuentes-agua-y-se\">\u00a1Firma!\npara que en tu ciudad se instalen m\u00e1s fuentes de agua y se genere menos\npl\u00e1stico<\/a><\/h1>\n\n\n\n<p>Desde INEA con la campa\u00f1a \u00a1\u00a1RELLENA, manda un mensaje con tu\nbotella!! buscamos incrementar el n\u00famero de fuentes de agua en Valladolid. No\nsolo damos importancia a disponer de agua potable en los espacios p\u00fablicos para\nsatisfacer las necesidades de los habitantes tambi\u00e9n, consideramos fundamental\nla reducci\u00f3n de botellas de pl\u00e1stico y su transici\u00f3n a botellas reutilizables\nde materiales menos contaminantes que propicien un menor desperdicio. La\neconomia de usar y tirar sobre todo en el caso de los pl\u00e1sticos implica un\nserio problema medioambiental. El tiempo que tardamos en consumir el agua\ndepositada en una botella de pl\u00e1stico dif\u00edcilmente llegar\u00e1 a 24 horas, pero ese\nrecipiente permanecer\u00e1 con nosotros durante m\u00e1s de 400 a\u00f1os.<\/p>\n\n\n\n<p>A este proyecto de \u201cEconom\u00eda Circular y Sostenibilidad\u201d se\nhan sumado las organizaciones locales del SJME, Magis, Centro Arrupe y\nEntreculturas, en Valencia, organizando actividades de recogida de pl\u00e1sticos,\ncharlas y d\u00e1ndoles difusi\u00f3n en redes.<\/p>\n\n\n\n<p>Con esta campa\u00f1a hemos lanzado una petici\u00f3n de firmas en la\nweb <a href=\"http:\/\/www.visibles.org\">www.visibles.org<\/a> como apoyo para la\ninstalaci\u00f3n de nuevas fuentes en Valladolid. Esta plataforma tiene como misi\u00f3n\nconstruir una comunidad fuerte de activistas por la justicia social. <\/p>\n\n\n\n<p>Cada gesto es importante.<\/p>\n\n\n\n<p><strong>T\u00fa tambi\u00e9n\npuedes participar, <\/strong><a href=\"https:\/\/www.visibles.org\/es\/causas\/democracia-y-participacion\/firma-para-que-en-tu-ciudad-se-instalen-mas-fuentes-agua-y-se\">con tu Firma<\/a><strong> y utilizando en redes: #rellena #mandaunmensajecontubotella<\/strong><\/p>\n\n\n\n<figure class=\"wp-block-image\"><img fetchpriority=\"high\" decoding=\"async\" width=\"760\" height=\"220\" src=\"http:\/\/www.ecoinea.org\/wp-content\/uploads\/2019\/04\/banner-760x220.png\" alt=\"\" class=\"wp-image-2836\" srcset=\"http:\/\/www.ecoinea.org\/wp-content\/uploads\/2019\/04\/banner-760x220.png 760w, http:\/\/www.ecoinea.org\/wp-content\/uploads\/2019\/04\/banner-760x220-300x87.png 300w\" sizes=\"(max-width: 760px) 100vw, 760px\" \/><\/figure>\n","protected":false},"excerpt":{"rendered":"<p>\u00a1Firma! para que en tu ciudad se instalen m\u00e1s fuentes de agua y se genere menos pl\u00e1stico Desde INEA con la campa\u00f1a \u00a1\u00a1RELLENA, manda un mensaje con tu botella!! buscamos incrementar el n\u00famero de fuentes de agua en Valladolid. No solo damos importancia a disponer de agua potable en los espacios p\u00fablicos para satisfacer las &#8230; <a title=\"Firmas por Rellena\" class=\"read-more\" href=\"http:\/\/www.ecoinea.org\/index.php\/2019\/04\/25\/firmas-por-rellena\/\">Leer m\u00e1s<span class=\"screen-reader-text\">Firmas por Rellena<\/span><\/a><\/p>\n","protected":false},"author":1,"featured_media":0,"comment_status":"closed","ping_status":"closed","sticky":false,"template":"","format":"standard","meta":{"footnotes":""},"categories":[81],"tags":[],"_links":{"self":[{"href":"http:\/\/www.ecoinea.org\/index.php\/wp-json\/wp\/v2\/posts\/2835"}],"collection":[{"href":"http:\/\/www.ecoinea.org\/index.php\/wp-json\/wp\/v2\/posts"}],"about":[{"href":"http:\/\/www.ecoinea.org\/index.php\/wp-json\/wp\/v2\/types\/post"}],"author":[{"embeddable":true,"href":"http:\/\/www.ecoinea.org\/index.php\/wp-json\/wp\/v2\/users\/1"}],"replies":[{"embeddable":true,"href":"http:\/\/www.ecoinea.org\/index.php\/wp-json\/wp\/v2\/comments?post=2835"}],"version-history":[{"count":1,"href":"http:\/\/www.ecoinea.org\/index.php\/wp-json\/wp\/v2\/posts\/2835\/revisions"}],"predecessor-version":[{"id":2837,"href":"http:\/\/www.ecoinea.org\/index.php\/wp-json\/wp\/v2\/posts\/2835\/revisions\/2837"}],"wp:attachment":[{"href":"http:\/\/www.ecoinea.org\/index.php\/wp-json\/wp\/v2\/media?parent=2835"}],"wp:term":[{"taxonomy":"category","embeddable":true,"href":"http:\/\/www.ecoinea.org\/index.php\/wp-json\/wp\/v2\/categories?post=2835"},{"taxonomy":"post_tag","embeddable":true,"href":"http:\/\/www.ecoinea.org\/index.php\/wp-json\/wp\/v2\/tags?post=2835"}],"curies":[{"name":"wp","href":"https:\/\/api.w.org\/{rel}","templated":true}]}}