{"id":3080,"date":"2020-03-10T11:05:50","date_gmt":"2020-03-10T09:05:50","guid":{"rendered":"http:\/\/www.ecoinea.org\/?p=3080"},"modified":"2021-02-04T20:50:26","modified_gmt":"2021-02-04T18:50:26","slug":"curso-en-ecologia-y-acogida-ana-leal","status":"publish","type":"post","link":"http:\/\/www.ecoinea.org\/index.php\/2020\/03\/10\/curso-en-ecologia-y-acogida-ana-leal\/","title":{"rendered":"Curso  en Ecolog\u00eda y Acogida Ana Leal"},"content":{"rendered":"\n<p>La semana del 8 al 121 de Marzo hemos celebrado en INEA la primera Acogida a un grupo en el Proyecto Ecolog\u00eda y Acogida Ana Leal. Se trata de personasvinculadas al sector social de la Compa\u00f1\u00eda de Jes\u00fas en Espa\u00f1a. Unos dias intensos de formaci\u00f3n y convivencia que dej\u00f3 en las personas que participaron un grato recuerdo de su paso por nuestro espacio comunitario. La noticia puede verse en&nbsp;<br><a href=\"https:\/\/infosj.es\/index.php?option=com_content&amp;view=article&amp;id=16169&amp;catid=2&amp;Itemid=102\">https:\/\/infosj.es\/index.php?option=com_content&amp;view=article&amp;id=16169&amp;catid=2&amp;Itemid=102<\/a><\/p>\n","protected":false},"excerpt":{"rendered":"<p>La semana del 8 al 121 de Marzo hemos celebrado en INEA la primera Acogida a un grupo en el Proyecto Ecolog\u00eda y Acogida Ana Leal. Se trata de personasvinculadas al sector social de la Compa\u00f1\u00eda de Jes\u00fas en Espa\u00f1a. Unos dias intensos de formaci\u00f3n y convivencia que dej\u00f3 en las personas que participaron un &#8230; <a title=\"Curso  en Ecolog\u00eda y Acogida Ana Leal\" class=\"read-more\" href=\"http:\/\/www.ecoinea.org\/index.php\/2020\/03\/10\/curso-en-ecologia-y-acogida-ana-leal\/\">Leer m\u00e1s<span class=\"screen-reader-text\">Curso  en Ecolog\u00eda y Acogida Ana Leal<\/span><\/a><\/p>\n","protected":false},"author":1,"featured_media":3325,"comment_status":"closed","ping_status":"closed","sticky":false,"template":"","format":"standard","meta":{"footnotes":""},"categories":[81],"tags":[141,144],"_links":{"self":[{"href":"http:\/\/www.ecoinea.org\/index.php\/wp-json\/wp\/v2\/posts\/3080"}],"collection":[{"href":"http:\/\/www.ecoinea.org\/index.php\/wp-json\/wp\/v2\/posts"}],"about":[{"href":"http:\/\/www.ecoinea.org\/index.php\/wp-json\/wp\/v2\/types\/post"}],"author":[{"embeddable":true,"href":"http:\/\/www.ecoinea.org\/index.php\/wp-json\/wp\/v2\/users\/1"}],"replies":[{"embeddable":true,"href":"http:\/\/www.ecoinea.org\/index.php\/wp-json\/wp\/v2\/comments?post=3080"}],"version-history":[{"count":2,"href":"http:\/\/www.ecoinea.org\/index.php\/wp-json\/wp\/v2\/posts\/3080\/revisions"}],"predecessor-version":[{"id":3326,"href":"http:\/\/www.ecoinea.org\/index.php\/wp-json\/wp\/v2\/posts\/3080\/revisions\/3326"}],"wp:featuredmedia":[{"embeddable":true,"href":"http:\/\/www.ecoinea.org\/index.php\/wp-json\/wp\/v2\/media\/3325"}],"wp:attachment":[{"href":"http:\/\/www.ecoinea.org\/index.php\/wp-json\/wp\/v2\/media?parent=3080"}],"wp:term":[{"taxonomy":"category","embeddable":true,"href":"http:\/\/www.ecoinea.org\/index.php\/wp-json\/wp\/v2\/categories?post=3080"},{"taxonomy":"post_tag","embeddable":true,"href":"http:\/\/www.ecoinea.org\/index.php\/wp-json\/wp\/v2\/tags?post=3080"}],"curies":[{"name":"wp","href":"https:\/\/api.w.org\/{rel}","templated":true}]}}