{"id":326,"date":"2013-05-29T07:01:59","date_gmt":"2013-05-29T07:01:59","guid":{"rendered":"http:\/\/pai.inea.org\/?p=326"},"modified":"2018-06-14T08:35:44","modified_gmt":"2018-06-14T08:35:44","slug":"curso-de-la-fundacion-afim-hara-practicas-en-inea","status":"publish","type":"post","link":"http:\/\/www.ecoinea.org\/index.php\/2013\/05\/29\/curso-de-la-fundacion-afim-hara-practicas-en-inea\/","title":{"rendered":"Curso de La Fundaci\u00f3n AFIM har\u00e1 pr\u00e1cticas en INEA"},"content":{"rendered":"<p>Los alumnos con discapacidad de la Fundaci\u00f3n AFIM que hacen un Curso de Jardiner\u00eda han comenzado las pr\u00e1cticas en INEA, en sus jardines. Unas ocho personas acompa\u00f1ados de dos monitores se encargan de preparar un parterre del jard\u00edn. Esto es fruto del Convenio entre la Fundaci\u00f3n INEA y AFIM. Estamos felices de tenerles junto a nosotros a lo largo de los cinco viernes que van a estar por la ma\u00f1ana.<\/p>\n","protected":false},"excerpt":{"rendered":"<p>Los alumnos con discapacidad de la Fundaci\u00f3n AFIM que hacen un Curso de Jardiner\u00eda han comenzado las pr\u00e1cticas en INEA, en sus jardines. Unas ocho personas acompa\u00f1ados de dos monitores se encargan de preparar un parterre del jard\u00edn. Esto es fruto del Convenio entre la Fundaci\u00f3n INEA y AFIM. Estamos felices de tenerles junto a &#8230; <a title=\"Curso de La Fundaci\u00f3n AFIM har\u00e1 pr\u00e1cticas en INEA\" class=\"read-more\" href=\"http:\/\/www.ecoinea.org\/index.php\/2013\/05\/29\/curso-de-la-fundacion-afim-hara-practicas-en-inea\/\">Leer m\u00e1s<span class=\"screen-reader-text\">Curso de La Fundaci\u00f3n AFIM har\u00e1 pr\u00e1cticas en INEA<\/span><\/a><\/p>\n","protected":false},"author":1,"featured_media":0,"comment_status":"open","ping_status":"open","sticky":false,"template":"","format":"standard","meta":{"footnotes":""},"categories":[86,81],"tags":[102,136],"_links":{"self":[{"href":"http:\/\/www.ecoinea.org\/index.php\/wp-json\/wp\/v2\/posts\/326"}],"collection":[{"href":"http:\/\/www.ecoinea.org\/index.php\/wp-json\/wp\/v2\/posts"}],"about":[{"href":"http:\/\/www.ecoinea.org\/index.php\/wp-json\/wp\/v2\/types\/post"}],"author":[{"embeddable":true,"href":"http:\/\/www.ecoinea.org\/index.php\/wp-json\/wp\/v2\/users\/1"}],"replies":[{"embeddable":true,"href":"http:\/\/www.ecoinea.org\/index.php\/wp-json\/wp\/v2\/comments?post=326"}],"version-history":[{"count":1,"href":"http:\/\/www.ecoinea.org\/index.php\/wp-json\/wp\/v2\/posts\/326\/revisions"}],"predecessor-version":[{"id":1554,"href":"http:\/\/www.ecoinea.org\/index.php\/wp-json\/wp\/v2\/posts\/326\/revisions\/1554"}],"wp:attachment":[{"href":"http:\/\/www.ecoinea.org\/index.php\/wp-json\/wp\/v2\/media?parent=326"}],"wp:term":[{"taxonomy":"category","embeddable":true,"href":"http:\/\/www.ecoinea.org\/index.php\/wp-json\/wp\/v2\/categories?post=326"},{"taxonomy":"post_tag","embeddable":true,"href":"http:\/\/www.ecoinea.org\/index.php\/wp-json\/wp\/v2\/tags?post=326"}],"curies":[{"name":"wp","href":"https:\/\/api.w.org\/{rel}","templated":true}]}}