{"id":3274,"date":"2020-12-03T18:28:24","date_gmt":"2020-12-03T16:28:24","guid":{"rendered":"http:\/\/www.ecoinea.org\/?p=3274"},"modified":"2021-07-08T13:04:32","modified_gmt":"2021-07-08T11:04:32","slug":"la-pandemia-en-ecologia-y-acogida-ana-leal","status":"publish","type":"post","link":"http:\/\/www.ecoinea.org\/index.php\/2020\/12\/03\/la-pandemia-en-ecologia-y-acogida-ana-leal\/","title":{"rendered":"La pandemia en Ecologia y Acogida Ana leal"},"content":{"rendered":"\n<p>Desde marzo en que empez\u00f3 la pandemia debida al Coronavirus no hemos podido recibir m\u00e1s grupos en nuestra comunidad a pesar de tener bastantes reservas hechas. Ese momento nos pillo en casa a un grupo de unas 15 personas: una familia de Brasil con dos ni\u00f1as, una familia de Colombia condos ni\u00f1os y una ni\u00f1a, dos compa\u00f1eros jesuitas y dos voluntarias. En torno a ese grupo hay otras personas que nos ayudan en los procesos de tomas de decisiones. Y as\u00ed entrams en esos meses de inceridmbre que duran hasta el momento presente. Muy en contacto con la naturaleza pues quedamos al cuidado de nuestra finca y de todos los huertos y a la vez desarrollando el trabajo normal los que hemos podido hacerlo. Nuestro trabajo en la finca, en el huerto de la comunidad, nuestro conocimiento del entorno han sido una experiencia vital que nos ha ayudado mucho y nos ha preparrado para poder recibir mejor a la gente que posteriormente venga a visitarnos o a pasar alguna estancia con nosotros. En la foto podemos ver un hotel de insectos de nuestro huerto hecho seg\u00fan el formato de Parades en Crestall. Ahora escribiendo a comienzo de Diciembre de 2020 podemos pensar en que a partir de primavera nuesta casa estar\u00e1 de nuevo abierta a todos aquellos que quieran visitarnos y compartir con nosotros buenos momentos. Podr\u00edamos dar un premio a las personas que adivinen cu\u00e1l es la planta de trepa a trav\u00e9s del hotel de insectos, casi con la seguridad de no ser acertada.<\/p>\n","protected":false},"excerpt":{"rendered":"<p>Desde marzo en que empez\u00f3 la pandemia debida al Coronavirus no hemos podido recibir m\u00e1s grupos en nuestra comunidad a pesar de tener bastantes reservas hechas. Ese momento nos pillo en casa a un grupo de unas 15 personas: una familia de Brasil con dos ni\u00f1as, una familia de Colombia condos ni\u00f1os y una ni\u00f1a, &#8230; <a title=\"La pandemia en Ecologia y Acogida Ana leal\" class=\"read-more\" href=\"http:\/\/www.ecoinea.org\/index.php\/2020\/12\/03\/la-pandemia-en-ecologia-y-acogida-ana-leal\/\">Leer m\u00e1s<span class=\"screen-reader-text\">La pandemia en Ecologia y Acogida Ana leal<\/span><\/a><\/p>\n","protected":false},"author":1,"featured_media":3276,"comment_status":"closed","ping_status":"closed","sticky":false,"template":"","format":"standard","meta":{"footnotes":""},"categories":[140,81,145],"tags":[],"_links":{"self":[{"href":"http:\/\/www.ecoinea.org\/index.php\/wp-json\/wp\/v2\/posts\/3274"}],"collection":[{"href":"http:\/\/www.ecoinea.org\/index.php\/wp-json\/wp\/v2\/posts"}],"about":[{"href":"http:\/\/www.ecoinea.org\/index.php\/wp-json\/wp\/v2\/types\/post"}],"author":[{"embeddable":true,"href":"http:\/\/www.ecoinea.org\/index.php\/wp-json\/wp\/v2\/users\/1"}],"replies":[{"embeddable":true,"href":"http:\/\/www.ecoinea.org\/index.php\/wp-json\/wp\/v2\/comments?post=3274"}],"version-history":[{"count":3,"href":"http:\/\/www.ecoinea.org\/index.php\/wp-json\/wp\/v2\/posts\/3274\/revisions"}],"predecessor-version":[{"id":3280,"href":"http:\/\/www.ecoinea.org\/index.php\/wp-json\/wp\/v2\/posts\/3274\/revisions\/3280"}],"wp:featuredmedia":[{"embeddable":true,"href":"http:\/\/www.ecoinea.org\/index.php\/wp-json\/wp\/v2\/media\/3276"}],"wp:attachment":[{"href":"http:\/\/www.ecoinea.org\/index.php\/wp-json\/wp\/v2\/media?parent=3274"}],"wp:term":[{"taxonomy":"category","embeddable":true,"href":"http:\/\/www.ecoinea.org\/index.php\/wp-json\/wp\/v2\/categories?post=3274"},{"taxonomy":"post_tag","embeddable":true,"href":"http:\/\/www.ecoinea.org\/index.php\/wp-json\/wp\/v2\/tags?post=3274"}],"curies":[{"name":"wp","href":"https:\/\/api.w.org\/{rel}","templated":true}]}}