{"id":3319,"date":"2021-02-04T20:41:37","date_gmt":"2021-02-04T18:41:37","guid":{"rendered":"http:\/\/www.ecoinea.org\/?p=3319"},"modified":"2021-07-09T17:51:32","modified_gmt":"2021-07-09T15:51:32","slug":"i-aniversario-ecologia-y-acogida-ana-leal","status":"publish","type":"post","link":"http:\/\/www.ecoinea.org\/index.php\/2021\/02\/04\/i-aniversario-ecologia-y-acogida-ana-leal\/","title":{"rendered":"I Aniversario Ecolog\u00eda y Acogida Ana Leal"},"content":{"rendered":"\t\t<div data-elementor-type=\"wp-post\" data-elementor-id=\"3319\" class=\"elementor elementor-3319 elementor-bc-flex-widget\">\n\t\t\t\t\t\t\t\t\t<section class=\"elementor-section elementor-top-section elementor-element elementor-element-c700099 elementor-section-boxed elementor-section-height-default elementor-section-height-default\" data-id=\"c700099\" data-element_type=\"section\">\n\t\t\t\t\t\t<div class=\"elementor-container elementor-column-gap-default\">\n\t\t\t\t\t<div class=\"elementor-column elementor-col-100 elementor-top-column elementor-element elementor-element-293a28b\" data-id=\"293a28b\" data-element_type=\"column\">\n\t\t\t<div class=\"elementor-widget-wrap elementor-element-populated\">\n\t\t\t\t\t\t\t\t<div class=\"elementor-element elementor-element-98c0f4e elementor-widget elementor-widget-text-editor\" data-id=\"98c0f4e\" data-element_type=\"widget\" data-widget_type=\"text-editor.default\">\n\t\t\t\t<div class=\"elementor-widget-container\">\n\t\t\t\t\t\t\t<p class=\"MsoNormal\">Una a\u00f1o de Ecolog\u00eda y Acogida Ana Leal<\/p><p class=\"MsoNormal\">\u00a0<\/p><p class=\"MsoNormal\" style=\"text-align: justify;\">El espacio comunitario <b><i>Ecolog\u00eda y Acogida Ana Leal<\/i><\/b> cumple un a\u00f1o de vida compartida en este entorno de INEA, Valladolid. Un proyecto singular, apoyado desde la entonces PAL, comprometido con la hospitalidad y el cuidado de la Casa Com\u00fan. La casa acoge a familias migrantes en urgencia y necesidad y a la vez, ofrece un <b>Espacio para la reflexi\u00f3n y la formaci\u00f3n<\/b> para la demandada transici\u00f3n ecol\u00f3gica por la Laudato Si\u00b4 y la Compa\u00f1\u00eda de Jes\u00fas, en especial para el \u00e1mbito universitario. Un a\u00f1o marcado por la pandemia y tambi\u00e9n por la alegr\u00eda de nuevos compa\u00f1eros, por el apoyo de muchos y por el esperanzador comienzo del proceso de inserci\u00f3n de una de las familias.<\/p><p class=\"MsoNormal\" style=\"text-align: justify;\">Parte del grupo de discernimiento compuesto por tres jesuitas -G\u00e9rar Maci\u00f1eiras, Roberto Otero y F\u00e9lix Revilla- y cuatro seglares -Pilar Concejo, Patricia Miranda, Sonsoles Moret\u00f3n y Elena L\u00f3pez- se estableci\u00f3 ahora hace un a\u00f1o con una familia brasile\u00f1a -un matrimonio y dos ni\u00f1as- y una voluntaria de La Ventilla de Madrid-Lourdes-. Ya en marzo se incorpor\u00f3 la segunda familia colombiana -un matrimonio y tres ni\u00f1os-. <b><i>Ecolog\u00eda y Acogida Ana Leal<\/i><\/b> ech\u00f3 a andar abriendo sus puertas a un nutrido grupo de Formaci\u00f3n de Acci\u00f3n Social de la Provincia. Aquellos 30 visitantes compartieron cuatro d\u00edas con la comunidad. Una alegr\u00eda para la casa y para el proyecto. Pronto comenz\u00f3 la etapa nada f\u00e1cil de aislamiento. Las medidas anticovid han trastocado el ritmo del <b>Espacio para la reflexi\u00f3n y la formaci\u00f3n<\/b> por lo que en lugar de dos familias hay una tercera familia acogida -una mujer y su nieta colombianas- hasta que los encuentros de grupos numerosos sean posibles. S\u00ed hay lugar para peque\u00f1os grupos que deseen vivir en conexi\u00f3n con la naturaleza un retiro especial. A d\u00eda de hoy viven 16 personas bajo el mismo techo -este curso se sum\u00f3 Isaac Pescador SJ &#8211; y cinco de sus miembros ya han comenzado el proceso de inserci\u00f3n.<\/p><p class=\"MsoNormal\" style=\"text-align: justify;\"><b>Con tu ayuda<\/b><\/p><p class=\"MsoNormal\" style=\"text-align: justify;\">La familia colombiana ha conseguido una casita en un pueblo cerca de Valladolid. Un hogar que ha sido equipado de todos los enseres necesarios, incluidos lavadora, frigor\u00edfico y vitrocer\u00e1mica, a trav\u00e9s de una iniciativa instaurada en Valladolid por Chus Land\u00e1buru: <b><i>\u201cCon tu ayuda\u201d<\/i><\/b> . Se trata de un gran grupo de whatsapp de colaboradores dispuesto a responder a llamadas de colaboraci\u00f3n de emergencia ligadas a las instituciones de la ciudad. La respuesta fue muy grande en tan solo 24 horas.<\/p><p class=\"MsoNormal\" style=\"text-align: justify;\">A la espera de recibir de nuevo m\u00e1s grupos, el equipo trabaja en itinerarios para pasear y contemplar y sus respectivos materiales para reflexionar en grupo, teniendo presente la diversidad de personas que deseen compartir unos d\u00edas con todos ellos. Ecolog\u00eda y Acogida Ana Leal est\u00e1 abierto para todos.<\/p><p>\u00a0<\/p><p class=\"MsoNormal\" style=\"text-align: justify;\">\u00a0<\/p>\t\t\t\t\t\t<\/div>\n\t\t\t\t<\/div>\n\t\t\t\t<div class=\"elementor-element elementor-element-0ab6597 elementor-widget elementor-widget-image\" data-id=\"0ab6597\" data-element_type=\"widget\" data-widget_type=\"image.default\">\n\t\t\t\t<div class=\"elementor-widget-container\">\n\t\t\t\t\t\t\t\t\t\t\t\t\t\t\t<img fetchpriority=\"high\" decoding=\"async\" width=\"1024\" height=\"618\" src=\"http:\/\/www.ecoinea.org\/wp-content\/uploads\/2021\/02\/foto-pixelada-1024x618.jpg\" class=\"attachment-large size-large wp-image-3321\" alt=\"\" srcset=\"http:\/\/www.ecoinea.org\/wp-content\/uploads\/2021\/02\/foto-pixelada-1024x618.jpg 1024w, http:\/\/www.ecoinea.org\/wp-content\/uploads\/2021\/02\/foto-pixelada-300x181.jpg 300w, http:\/\/www.ecoinea.org\/wp-content\/uploads\/2021\/02\/foto-pixelada-768x463.jpg 768w, http:\/\/www.ecoinea.org\/wp-content\/uploads\/2021\/02\/foto-pixelada.jpg 1358w\" sizes=\"(max-width: 1024px) 100vw, 1024px\" \/>\t\t\t\t\t\t\t\t\t\t\t\t\t\t\t<\/div>\n\t\t\t\t<\/div>\n\t\t\t\t\t<\/div>\n\t\t<\/div>\n\t\t\t\t\t\t\t<\/div>\n\t\t<\/section>\n\t\t\t\t<section class=\"elementor-section elementor-top-section elementor-element elementor-element-c92ed7b elementor-section-boxed elementor-section-height-default elementor-section-height-default\" data-id=\"c92ed7b\" data-element_type=\"section\">\n\t\t\t\t\t\t<div class=\"elementor-container elementor-column-gap-default\">\n\t\t\t\t\t<div class=\"elementor-column elementor-col-100 elementor-top-column elementor-element elementor-element-7dd1107\" data-id=\"7dd1107\" data-element_type=\"column\">\n\t\t\t<div class=\"elementor-widget-wrap\">\n\t\t\t\t\t\t\t\t\t<\/div>\n\t\t<\/div>\n\t\t\t\t\t\t\t<\/div>\n\t\t<\/section>\n\t\t\t\t\t\t\t<\/div>\n\t\t","protected":false},"excerpt":{"rendered":"<p>Una a\u00f1o de Ecolog\u00eda y Acogida Ana Leal El espacio comunitario Ecolog\u00eda y Acogida Ana Leal cumple un a\u00f1o de vida compartida en este entorno de INEA, Valladolid. Un proyecto singular, apoyado desde la entonces PAL, comprometido con la hospitalidad y el cuidado de la Casa Com\u00fan. La casa acoge a familias migrantes en urgencia &#8230; <a title=\"I Aniversario Ecolog\u00eda y Acogida Ana Leal\" class=\"read-more\" href=\"http:\/\/www.ecoinea.org\/index.php\/2021\/02\/04\/i-aniversario-ecologia-y-acogida-ana-leal\/\">Leer m\u00e1s<span class=\"screen-reader-text\">I Aniversario Ecolog\u00eda y Acogida Ana Leal<\/span><\/a><\/p>\n","protected":false},"author":1,"featured_media":3321,"comment_status":"closed","ping_status":"closed","sticky":false,"template":"","format":"standard","meta":{"footnotes":""},"categories":[81,145],"tags":[],"_links":{"self":[{"href":"http:\/\/www.ecoinea.org\/index.php\/wp-json\/wp\/v2\/posts\/3319"}],"collection":[{"href":"http:\/\/www.ecoinea.org\/index.php\/wp-json\/wp\/v2\/posts"}],"about":[{"href":"http:\/\/www.ecoinea.org\/index.php\/wp-json\/wp\/v2\/types\/post"}],"author":[{"embeddable":true,"href":"http:\/\/www.ecoinea.org\/index.php\/wp-json\/wp\/v2\/users\/1"}],"replies":[{"embeddable":true,"href":"http:\/\/www.ecoinea.org\/index.php\/wp-json\/wp\/v2\/comments?post=3319"}],"version-history":[{"count":3,"href":"http:\/\/www.ecoinea.org\/index.php\/wp-json\/wp\/v2\/posts\/3319\/revisions"}],"predecessor-version":[{"id":3323,"href":"http:\/\/www.ecoinea.org\/index.php\/wp-json\/wp\/v2\/posts\/3319\/revisions\/3323"}],"wp:featuredmedia":[{"embeddable":true,"href":"http:\/\/www.ecoinea.org\/index.php\/wp-json\/wp\/v2\/media\/3321"}],"wp:attachment":[{"href":"http:\/\/www.ecoinea.org\/index.php\/wp-json\/wp\/v2\/media?parent=3319"}],"wp:term":[{"taxonomy":"category","embeddable":true,"href":"http:\/\/www.ecoinea.org\/index.php\/wp-json\/wp\/v2\/categories?post=3319"},{"taxonomy":"post_tag","embeddable":true,"href":"http:\/\/www.ecoinea.org\/index.php\/wp-json\/wp\/v2\/tags?post=3319"}],"curies":[{"name":"wp","href":"https:\/\/api.w.org\/{rel}","templated":true}]}}