{"id":3406,"date":"2021-04-20T09:03:51","date_gmt":"2021-04-20T07:03:51","guid":{"rendered":"http:\/\/www.ecoinea.org\/?p=3406"},"modified":"2021-07-08T13:04:01","modified_gmt":"2021-07-08T11:04:01","slug":"la-finca-inea-se-parte","status":"publish","type":"post","link":"http:\/\/www.ecoinea.org\/index.php\/2021\/04\/20\/la-finca-inea-se-parte\/","title":{"rendered":"La Finca INEA se parte"},"content":{"rendered":"\t\t<div data-elementor-type=\"wp-post\" data-elementor-id=\"3406\" class=\"elementor elementor-3406 elementor-bc-flex-widget\">\n\t\t\t\t\t\t\t\t\t<section class=\"elementor-section elementor-top-section elementor-element elementor-element-17a2d2d4 elementor-section-boxed elementor-section-height-default elementor-section-height-default\" data-id=\"17a2d2d4\" data-element_type=\"section\">\n\t\t\t\t\t\t<div class=\"elementor-container elementor-column-gap-default\">\n\t\t\t\t\t<div class=\"elementor-column elementor-col-100 elementor-top-column elementor-element elementor-element-458d6531\" data-id=\"458d6531\" data-element_type=\"column\">\n\t\t\t<div class=\"elementor-widget-wrap elementor-element-populated\">\n\t\t\t\t\t\t\t\t<div class=\"elementor-element elementor-element-fe69940 elementor-widget elementor-widget-image\" data-id=\"fe69940\" data-element_type=\"widget\" data-widget_type=\"image.default\">\n\t\t\t\t<div class=\"elementor-widget-container\">\n\t\t\t\t\t\t\t\t\t\t\t\t\t\t\t<img fetchpriority=\"high\" decoding=\"async\" width=\"552\" height=\"305\" src=\"http:\/\/www.ecoinea.org\/wp-content\/uploads\/2021\/04\/finca-inea.jpg\" class=\"attachment-large size-large wp-image-3408\" alt=\"\" srcset=\"http:\/\/www.ecoinea.org\/wp-content\/uploads\/2021\/04\/finca-inea.jpg 552w, http:\/\/www.ecoinea.org\/wp-content\/uploads\/2021\/04\/finca-inea-300x166.jpg 300w\" sizes=\"(max-width: 552px) 100vw, 552px\" \/>\t\t\t\t\t\t\t\t\t\t\t\t\t\t\t<\/div>\n\t\t\t\t<\/div>\n\t\t\t\t<div class=\"elementor-element elementor-element-7cecd9c6 elementor-widget elementor-widget-text-editor\" data-id=\"7cecd9c6\" data-element_type=\"widget\" data-widget_type=\"text-editor.default\">\n\t\t\t\t<div class=\"elementor-widget-container\">\n\t\t\t\t\t\t\t<p><!-- wp:paragraph --><\/p>\n<p>La finca ecol\u00f3gica INEA es probablemente el mayor y mejor activo del conjunto de INEA. Un para\u00edso de biodiversidad vegetal y animal, social y agr\u00edcola. Son los cuatro pilares de una finca que lleva 30 a\u00f1os transform\u00e1ndose. En ella tratamos de hacer realidad aquello de dejar el mundo un poco mejor de como lo hemos encontrado; y dejar se\u00f1ales claras de que las cosas se pueden hacer bien tambi\u00e9n y no pasa nada. En ese proyecto global que es INEA en la finca hemos tratado de recuperar el suelo (bendito suelo) y su biodiversidad macro y microbiol\u00f3gica. Lo hemos cuidado con pr\u00e1cticas ecol\u00f3gicas, sin forzar las producciones; hemos invertido esfuerzo y dinero. Creemos en lo que hacemos y esto tiene un valor en s\u00ed mismo. Pero tambi\u00e9n creemos que Valladolid se merece tener un\u00a0 lugar como este, donde se ha pasado de ser disfrutado por tres personas a serlo por m\u00e1s de mil, a albergar vida silvestre (corzos, zorros, tejones, culebras, conejos, cig\u00fce\u00f1as, rapaces&#8230;) a producir alimentos de calidad, a abrir las puertas a personas mayores, inmigrantes, personas con discapacidad, a dar empleo . Entendemos que esto es lo que Francisco llama Cuidado de la Casa Com\u00fan. Aunque s\u00f3lo sea un peque\u00f1o proyecto piloto para otros proyectos m\u00e1s grandes. Podr\u00edamos hablar mucho de esta finca, de su tierra, que es pobre, de su\u00a0 vegetaci\u00f3n&#8230;. pero basta con darse un paseo a cualquier hora para captar la magia que tiene, lo excepcional del lugar,\u00a0 lo\u00a0 mucho que transmite, de paz, de armon\u00eda&#8230;en el coraz\u00f3n de la ciudad.\u00a0 Alabado seas mi Se\u00f1or por la hermana Madre Tierra.<\/p>\n<p><!-- \/wp:paragraph --><\/p>\n<p><!-- wp:paragraph --><\/p>\n<p>\u00a0<\/p>\n<p><!-- \/wp:paragraph --><\/p>\t\t\t\t\t\t<\/div>\n\t\t\t\t<\/div>\n\t\t\t\t\t<\/div>\n\t\t<\/div>\n\t\t\t\t\t\t\t<\/div>\n\t\t<\/section>\n\t\t\t\t<section class=\"elementor-section elementor-top-section elementor-element elementor-element-8d46513 elementor-section-boxed elementor-section-height-default elementor-section-height-default\" data-id=\"8d46513\" data-element_type=\"section\">\n\t\t\t\t\t\t<div class=\"elementor-container elementor-column-gap-default\">\n\t\t\t\t\t<div class=\"elementor-column elementor-col-100 elementor-top-column elementor-element elementor-element-7279d0b\" data-id=\"7279d0b\" data-element_type=\"column\">\n\t\t\t<div class=\"elementor-widget-wrap\">\n\t\t\t\t\t\t\t\t\t<\/div>\n\t\t<\/div>\n\t\t\t\t\t\t\t<\/div>\n\t\t<\/section>\n\t\t\t\t\t\t\t<\/div>\n\t\t","protected":false},"excerpt":{"rendered":"<p>La finca ecol\u00f3gica INEA es probablemente el mayor y mejor activo del conjunto de INEA. Un para\u00edso de biodiversidad vegetal y animal, social y agr\u00edcola. Son los cuatro pilares de una finca que lleva 30 a\u00f1os transform\u00e1ndose. En ella tratamos de hacer realidad aquello de dejar el mundo un poco mejor de como lo hemos &#8230; <a title=\"La Finca INEA se parte\" class=\"read-more\" href=\"http:\/\/www.ecoinea.org\/index.php\/2021\/04\/20\/la-finca-inea-se-parte\/\">Leer m\u00e1s<span class=\"screen-reader-text\">La Finca INEA se parte<\/span><\/a><\/p>\n","protected":false},"author":1,"featured_media":0,"comment_status":"closed","ping_status":"closed","sticky":false,"template":"","format":"standard","meta":{"footnotes":""},"categories":[85,81,147],"tags":[],"_links":{"self":[{"href":"http:\/\/www.ecoinea.org\/index.php\/wp-json\/wp\/v2\/posts\/3406"}],"collection":[{"href":"http:\/\/www.ecoinea.org\/index.php\/wp-json\/wp\/v2\/posts"}],"about":[{"href":"http:\/\/www.ecoinea.org\/index.php\/wp-json\/wp\/v2\/types\/post"}],"author":[{"embeddable":true,"href":"http:\/\/www.ecoinea.org\/index.php\/wp-json\/wp\/v2\/users\/1"}],"replies":[{"embeddable":true,"href":"http:\/\/www.ecoinea.org\/index.php\/wp-json\/wp\/v2\/comments?post=3406"}],"version-history":[{"count":9,"href":"http:\/\/www.ecoinea.org\/index.php\/wp-json\/wp\/v2\/posts\/3406\/revisions"}],"predecessor-version":[{"id":3450,"href":"http:\/\/www.ecoinea.org\/index.php\/wp-json\/wp\/v2\/posts\/3406\/revisions\/3450"}],"wp:attachment":[{"href":"http:\/\/www.ecoinea.org\/index.php\/wp-json\/wp\/v2\/media?parent=3406"}],"wp:term":[{"taxonomy":"category","embeddable":true,"href":"http:\/\/www.ecoinea.org\/index.php\/wp-json\/wp\/v2\/categories?post=3406"},{"taxonomy":"post_tag","embeddable":true,"href":"http:\/\/www.ecoinea.org\/index.php\/wp-json\/wp\/v2\/tags?post=3406"}],"curies":[{"name":"wp","href":"https:\/\/api.w.org\/{rel}","templated":true}]}}