{"id":3454,"date":"2021-07-09T13:31:12","date_gmt":"2021-07-09T11:31:12","guid":{"rendered":"http:\/\/www.ecoinea.org\/?p=3454"},"modified":"2021-07-09T17:48:31","modified_gmt":"2021-07-09T15:48:31","slug":"ecologia-y-diversidad","status":"publish","type":"post","link":"http:\/\/www.ecoinea.org\/index.php\/2021\/07\/09\/ecologia-y-diversidad\/","title":{"rendered":"Ecolog\u00eda y Diversidad"},"content":{"rendered":"\n<figure class=\"wp-block-image\"><img fetchpriority=\"high\" decoding=\"async\" width=\"4000\" height=\"2248\" src=\"http:\/\/www.ecoinea.org\/wp-content\/uploads\/2021\/07\/1625829919161.jpg\" alt=\"\" class=\"wp-image-3455\" srcset=\"http:\/\/www.ecoinea.org\/wp-content\/uploads\/2021\/07\/1625829919161.jpg 4000w, http:\/\/www.ecoinea.org\/wp-content\/uploads\/2021\/07\/1625829919161-300x169.jpg 300w, http:\/\/www.ecoinea.org\/wp-content\/uploads\/2021\/07\/1625829919161-768x432.jpg 768w, http:\/\/www.ecoinea.org\/wp-content\/uploads\/2021\/07\/1625829919161-1024x575.jpg 1024w\" sizes=\"(max-width: 4000px) 100vw, 4000px\" \/><\/figure>\n\n\n\n<p>La Casa y Comunidad de Ecolog\u00eda y Acogida Ana Leal ha colaborado 6-8&nbsp; Julio 221) este verano en un Curso organizado por la Fundaci\u00f3n Red \u00cdncola. Se trata de  la IV edici\u00f3n del curso <strong><em>Pedagog\u00eda de la convivencia en sociedades plurales<\/em><\/strong>&nbsp;organizado por el Servicio Jesuita al Migrante (SJM) y la ONG de Valladolid para los d\u00edas&nbsp;<strong>6, 7 y 8 de julio en el Centro Integral de Red Incola, en la calle Olmo, y en INEA<\/strong>. Es una formaci\u00f3n destinada a profesionales del sector de educaci\u00f3n y social con el objetivo de proporcionarles estrategias para formar, sensibilizar y trabajar en contextos de diversidad cultural y religiosa. La anterior edici\u00f3n fue online y ese a\u00f1o regresa la presencialidad que facilita una metodolog\u00eda m\u00e1s pr\u00e1ctica y experiencial.<\/p>\n\n\n\n<p>La programaci\u00f3n del curso se apoya en las posibilidades del espacio interreligioso en la sede de Red Incola; en la estrecha colaboraci\u00f3n con la l\u00ednea ecol\u00f3gica de <strong>INEA <\/strong>y la hospitalidad de la <strong>Casa de Ecolog\u00eda y Acogida Ana Leal <\/strong>y de las interesantes aportaciones del Teatro Social contra la Islamofobia (TIP). Estos tres ejes estructuran el calendario formativo proporcionando un acercamiento pr\u00e1ctico a la diversidad religiosa; a la educaci\u00f3n en la interioridad en contextos de pluralidad religiosa; a la ecolog\u00eda y hospitalidad a trav\u00e9s de experiencias compartidas y a conocer estrategias contra la islamofobia a trav\u00e9s del teatro social. Un conjunto de experiencias que acerca a la interculturalidad como pr\u00e1ctica positiva.<\/p>\n\n\n\n<p>Los formadores de esta IV edici\u00f3n ofrecer\u00e1n ponencias pr\u00e1cticas posibilitando la formaci\u00f3n desde la experiencia. Estar\u00e1n &nbsp;Javier Morala Guti\u00e9rrez&nbsp; , franciscano Capuchino lidera el proyecto de interioridad Lebab; F\u00e9lix Revilla Grande , jesuita presidente de la Fundaci\u00f3n INEA, miembro de la Casa de Ecolog\u00eda y Acogida Ana Leal, Roberto Otero y Lourdes Salmer\u00f3n de Ecolog\u00eda y Acogida Ana Leal, Oscar Salguero, antrop\u00f3logo social, profesor de la UMC y t\u00e9cnico del proyecto Salam de la Fundaci\u00f3n La Merced Migraciones; La Candela Teatro y Comunidad; Maestra Centro Budista Kadampa y&nbsp; personas de diferentes creencias religiosas y participaci\u00f3n de personas de diferentes confesiones y creencias religiosas.<\/p>\n","protected":false},"excerpt":{"rendered":"<p>La Casa y Comunidad de Ecolog\u00eda y Acogida Ana Leal ha colaborado 6-8&nbsp; Julio 221) este verano en un Curso organizado por la Fundaci\u00f3n Red \u00cdncola. Se trata de la IV edici\u00f3n del curso Pedagog\u00eda de la convivencia en sociedades plurales&nbsp;organizado por el Servicio Jesuita al Migrante (SJM) y la ONG de Valladolid para los &#8230; <a title=\"Ecolog\u00eda y Diversidad\" class=\"read-more\" href=\"http:\/\/www.ecoinea.org\/index.php\/2021\/07\/09\/ecologia-y-diversidad\/\">Leer m\u00e1s<span class=\"screen-reader-text\">Ecolog\u00eda y Diversidad<\/span><\/a><\/p>\n","protected":false},"author":1,"featured_media":3455,"comment_status":"closed","ping_status":"closed","sticky":false,"template":"","format":"standard","meta":{"footnotes":""},"categories":[81,145],"tags":[],"_links":{"self":[{"href":"http:\/\/www.ecoinea.org\/index.php\/wp-json\/wp\/v2\/posts\/3454"}],"collection":[{"href":"http:\/\/www.ecoinea.org\/index.php\/wp-json\/wp\/v2\/posts"}],"about":[{"href":"http:\/\/www.ecoinea.org\/index.php\/wp-json\/wp\/v2\/types\/post"}],"author":[{"embeddable":true,"href":"http:\/\/www.ecoinea.org\/index.php\/wp-json\/wp\/v2\/users\/1"}],"replies":[{"embeddable":true,"href":"http:\/\/www.ecoinea.org\/index.php\/wp-json\/wp\/v2\/comments?post=3454"}],"version-history":[{"count":3,"href":"http:\/\/www.ecoinea.org\/index.php\/wp-json\/wp\/v2\/posts\/3454\/revisions"}],"predecessor-version":[{"id":3465,"href":"http:\/\/www.ecoinea.org\/index.php\/wp-json\/wp\/v2\/posts\/3454\/revisions\/3465"}],"wp:featuredmedia":[{"embeddable":true,"href":"http:\/\/www.ecoinea.org\/index.php\/wp-json\/wp\/v2\/media\/3455"}],"wp:attachment":[{"href":"http:\/\/www.ecoinea.org\/index.php\/wp-json\/wp\/v2\/media?parent=3454"}],"wp:term":[{"taxonomy":"category","embeddable":true,"href":"http:\/\/www.ecoinea.org\/index.php\/wp-json\/wp\/v2\/categories?post=3454"},{"taxonomy":"post_tag","embeddable":true,"href":"http:\/\/www.ecoinea.org\/index.php\/wp-json\/wp\/v2\/tags?post=3454"}],"curies":[{"name":"wp","href":"https:\/\/api.w.org\/{rel}","templated":true}]}}