{"id":3457,"date":"2021-07-09T13:40:30","date_gmt":"2021-07-09T11:40:30","guid":{"rendered":"http:\/\/www.ecoinea.org\/?p=3457"},"modified":"2021-07-09T13:43:02","modified_gmt":"2021-07-09T11:43:02","slug":"campus-de-transicion-con-mags","status":"publish","type":"post","link":"http:\/\/www.ecoinea.org\/index.php\/2021\/07\/09\/campus-de-transicion-con-mags\/","title":{"rendered":"Campus de Transici\u00f3n con Mag+s"},"content":{"rendered":"\n<p><strong><em><a href=\"https:\/\/magis.es\/experiencias-y-actividades\/servir\/169-servir-mas-valladolid\"><br>Servir M\u00e1s<\/a><\/em><\/strong> se estrena en Valladolid (1-9 de Julio 2021). Vida comunitaria, servicio a los dem\u00e1s, acogida a migrantes, contacto con la naturaleza, cuidado de la tierra\u2026este primer Servir M\u00e1s es la vida misma de la <strong>Comunidad de Ecolog\u00eda y Acogida Ana Leal, en INEA<\/strong>, al servicio de Red Incola -acompa\u00f1amiento de migrantes en su proceso de integraci\u00f3n en la ciudad-. Estos d\u00edas, la ONG celebra los campamentos urbanos con una veintena de escolares migrantes en este lugar de los jesuitas. Ida y vuelta en autob\u00fas para encontrarse con la naturaleza y con los libros. Juegan, visitan los huertos y estudian. En este itinerario, los voluntarios Magis participan, en especial con clases de apoyo. Y entre lecci\u00f3n y lecci\u00f3n, tiempo entre huertos y hortelanos, viendo crecer los frutos del campo y el cuidado prestado. Finaliza la ma\u00f1ana: los mayores acompa\u00f1an a los peque\u00f1os al autob\u00fas. Se van para volver al d\u00eda siguiente. Los voluntarios se quedan para Servir M\u00e1s compartiendo la riqueza de la Comunidad Ana Leal.<\/p>\n","protected":false},"excerpt":{"rendered":"<p>Servir M\u00e1s se estrena en Valladolid (1-9 de Julio 2021). Vida comunitaria, servicio a los dem\u00e1s, acogida a migrantes, contacto con la naturaleza, cuidado de la tierra\u2026este primer Servir M\u00e1s es la vida misma de la Comunidad de Ecolog\u00eda y Acogida Ana Leal, en INEA, al servicio de Red Incola -acompa\u00f1amiento de migrantes en su &#8230; <a title=\"Campus de Transici\u00f3n con Mag+s\" class=\"read-more\" href=\"http:\/\/www.ecoinea.org\/index.php\/2021\/07\/09\/campus-de-transicion-con-mags\/\">Leer m\u00e1s<span class=\"screen-reader-text\">Campus de Transici\u00f3n con Mag+s<\/span><\/a><\/p>\n","protected":false},"author":1,"featured_media":3458,"comment_status":"closed","ping_status":"closed","sticky":false,"template":"","format":"standard","meta":{"footnotes":""},"categories":[81,145],"tags":[],"_links":{"self":[{"href":"http:\/\/www.ecoinea.org\/index.php\/wp-json\/wp\/v2\/posts\/3457"}],"collection":[{"href":"http:\/\/www.ecoinea.org\/index.php\/wp-json\/wp\/v2\/posts"}],"about":[{"href":"http:\/\/www.ecoinea.org\/index.php\/wp-json\/wp\/v2\/types\/post"}],"author":[{"embeddable":true,"href":"http:\/\/www.ecoinea.org\/index.php\/wp-json\/wp\/v2\/users\/1"}],"replies":[{"embeddable":true,"href":"http:\/\/www.ecoinea.org\/index.php\/wp-json\/wp\/v2\/comments?post=3457"}],"version-history":[{"count":3,"href":"http:\/\/www.ecoinea.org\/index.php\/wp-json\/wp\/v2\/posts\/3457\/revisions"}],"predecessor-version":[{"id":3462,"href":"http:\/\/www.ecoinea.org\/index.php\/wp-json\/wp\/v2\/posts\/3457\/revisions\/3462"}],"wp:featuredmedia":[{"embeddable":true,"href":"http:\/\/www.ecoinea.org\/index.php\/wp-json\/wp\/v2\/media\/3458"}],"wp:attachment":[{"href":"http:\/\/www.ecoinea.org\/index.php\/wp-json\/wp\/v2\/media?parent=3457"}],"wp:term":[{"taxonomy":"category","embeddable":true,"href":"http:\/\/www.ecoinea.org\/index.php\/wp-json\/wp\/v2\/categories?post=3457"},{"taxonomy":"post_tag","embeddable":true,"href":"http:\/\/www.ecoinea.org\/index.php\/wp-json\/wp\/v2\/tags?post=3457"}],"curies":[{"name":"wp","href":"https:\/\/api.w.org\/{rel}","templated":true}]}}