{"id":3468,"date":"2021-07-16T12:40:26","date_gmt":"2021-07-16T10:40:26","guid":{"rendered":"http:\/\/www.ecoinea.org\/?p=3468"},"modified":"2021-07-16T12:42:50","modified_gmt":"2021-07-16T10:42:50","slug":"semana-de-ecologia-integral","status":"publish","type":"post","link":"http:\/\/www.ecoinea.org\/index.php\/2021\/07\/16\/semana-de-ecologia-integral\/","title":{"rendered":"Semana de Ecolog\u00eda Integral"},"content":{"rendered":"\n<p>La semana del 10 al 16 de Julio se ha celebrado en INEA en la Comunidad Ecolog\u00eda y Acogida Ana Leal por quinta vez la Semana de Ecolog\u00eda Integral. Coordinada por Jos\u00e9 Eizaguirre con la participaci\u00f3n de 21 personas de diversas nacionalidades: Espa\u00f1a, Per\u00fa, Bolivia, Venezuela, Benin y&nbsp; Angola. Dentro de los que proceden de Espa\u00f1a hay&nbsp; personas de Sevilla,&nbsp; Pamplona, Barcelona, C\u00e1diz, Madrid, Valencia, Burgos y Segovia.&nbsp;<\/p>\n\n\n\n<p>Coordinada por Jos\u00e9 Eizaguirre ( <a href=\"https:\/\/www.tierrahabitada.org\/\">https:\/\/www.tierrahabitada.org\/<\/a> ), una semana intensa aprendiendo, trabajando los temas de ecolog\u00eda integral: cusas de los retos ambientales, consecuencias, soluciones, opciones. Combinado con talleres de alimentos, yoga, biodanza, celebraciones. Ideal para la renovaci\u00f3n del cuerpo y de la mente y salir de nuevo al mundo con ilusi\u00f3n por cambiar tantas cosas que son necesarias. Pero tambi\u00e9n cambiados por dentro con fuerza.<\/p>\n\n\n\n<p>Una actividad m\u00e1s del campus de Transici\u00f3n en INEA en nuestra casa de Ecolog\u00eda y Acogida Ana Leal<\/p>\n","protected":false},"excerpt":{"rendered":"<p>La semana del 10 al 16 de Julio se ha celebrado en INEA en la Comunidad Ecolog\u00eda y Acogida Ana Leal por quinta vez la Semana de Ecolog\u00eda Integral. Coordinada por Jos\u00e9 Eizaguirre con la participaci\u00f3n de 21 personas de diversas nacionalidades: Espa\u00f1a, Per\u00fa, Bolivia, Venezuela, Benin y&nbsp; Angola. Dentro de los que proceden de &#8230; <a title=\"Semana de Ecolog\u00eda Integral\" class=\"read-more\" href=\"http:\/\/www.ecoinea.org\/index.php\/2021\/07\/16\/semana-de-ecologia-integral\/\">Leer m\u00e1s<span class=\"screen-reader-text\">Semana de Ecolog\u00eda Integral<\/span><\/a><\/p>\n","protected":false},"author":1,"featured_media":3469,"comment_status":"closed","ping_status":"closed","sticky":false,"template":"","format":"standard","meta":{"footnotes":""},"categories":[84,81,145],"tags":[],"_links":{"self":[{"href":"http:\/\/www.ecoinea.org\/index.php\/wp-json\/wp\/v2\/posts\/3468"}],"collection":[{"href":"http:\/\/www.ecoinea.org\/index.php\/wp-json\/wp\/v2\/posts"}],"about":[{"href":"http:\/\/www.ecoinea.org\/index.php\/wp-json\/wp\/v2\/types\/post"}],"author":[{"embeddable":true,"href":"http:\/\/www.ecoinea.org\/index.php\/wp-json\/wp\/v2\/users\/1"}],"replies":[{"embeddable":true,"href":"http:\/\/www.ecoinea.org\/index.php\/wp-json\/wp\/v2\/comments?post=3468"}],"version-history":[{"count":3,"href":"http:\/\/www.ecoinea.org\/index.php\/wp-json\/wp\/v2\/posts\/3468\/revisions"}],"predecessor-version":[{"id":3475,"href":"http:\/\/www.ecoinea.org\/index.php\/wp-json\/wp\/v2\/posts\/3468\/revisions\/3475"}],"wp:featuredmedia":[{"embeddable":true,"href":"http:\/\/www.ecoinea.org\/index.php\/wp-json\/wp\/v2\/media\/3469"}],"wp:attachment":[{"href":"http:\/\/www.ecoinea.org\/index.php\/wp-json\/wp\/v2\/media?parent=3468"}],"wp:term":[{"taxonomy":"category","embeddable":true,"href":"http:\/\/www.ecoinea.org\/index.php\/wp-json\/wp\/v2\/categories?post=3468"},{"taxonomy":"post_tag","embeddable":true,"href":"http:\/\/www.ecoinea.org\/index.php\/wp-json\/wp\/v2\/tags?post=3468"}],"curies":[{"name":"wp","href":"https:\/\/api.w.org\/{rel}","templated":true}]}}