{"id":371,"date":"2013-04-15T19:04:27","date_gmt":"2013-04-15T19:04:27","guid":{"rendered":"http:\/\/pai.inea.org\/?p=22"},"modified":"2018-06-14T08:53:04","modified_gmt":"2018-06-14T08:53:04","slug":"experiencia-de-integracion-con-inmigrantes","status":"publish","type":"post","link":"http:\/\/www.ecoinea.org\/index.php\/2013\/04\/15\/experiencia-de-integracion-con-inmigrantes\/","title":{"rendered":"Experiencia de convivencia con Inmigrantes"},"content":{"rendered":"<p>Agroecolog\u00eda y compromiso social. Formaci\u00f3n y trabajo. Cooperaci\u00f3n y empleo. La Fundaci\u00f3n INEA ha comenzado hoy mismo (15 de Abril) un programa nuevo que beneficiar\u00e1 a inmigrantes y discapacitados, aunque con resultados que se reflejar\u00e1n tambi\u00e9n en la explotaci\u00f3n de sus cultivos ecol\u00f3gicos y en la difusi\u00f3n de la filosof\u00eda agroecol\u00f3gica. Hasta el pr\u00f3ximo 30 de junio, es decir, dos meses y medio, siete inmigrantes recibir\u00e1n formaci\u00f3n agraria diariamente y atender\u00e1n una labor en la finca de INEA por la que ser\u00e1n remunerados con contrato. Las dos primeras horas de la ma\u00f1ana se destinan a la formaci\u00f3n en el campo y las tres \u00faltimas, al trabajo y cuidado de los cultivos. A partir del 1 de julio hasta el 15 de septiembre, los beneficiarios ser\u00e1n discapacitados. Ambos cursos se enmarcan en una l\u00ednea de acci\u00f3n m\u00e1s amplia y ambiciosa: el Proyecto Agroecol\u00f3gico Integral de la Fundaci\u00f3n INEA (PAI). Desde este marco, la Escuela de Ingenier\u00eda Agr\u00edcola, adscrita a la Universidad de Valladolid, persigue desarrollar la filosof\u00eda en la que est\u00e1 volcada desde su compromiso social, con la colaboraci\u00f3n con Red Incola y la Asociaci\u00f3n El Puente.<\/p>\n<p>Por eso mismo, en aras de hacer compatible la agroecolog\u00eda con la inclusi\u00f3n de inmigrantes y discapacitados, la Fundaci\u00f3n INEA impulsa tambi\u00e9n la producci\u00f3n hort\u00edcola ecol\u00f3gica y la elaboraci\u00f3n de conservas con mujeres \u00e1rabes basadas en la materia prima extra\u00edda en la propia finca. De este modo, estos tres pilares de la cadena de producci\u00f3n agroecol\u00f3gica \u2013formaci\u00f3n, producci\u00f3n y preparaci\u00f3n\u2013 soportan este programa que acaba de arrancar. Contamos con la aydua de una Fundaci\u00f3n privada que financia una aprte de los profesores del curso y contratos de trabajo de las personas inmigrantes; el resto esperamos sacarlo de nuestros productos y de otrass donaciones que nos puedan llegar.<\/p>\n<p>Los profesores del curso ser\u00e1n Ana Leal, Javier Pinilla, Raquel Campo, F\u00e9lix Revilla, Pilar Guti\u00e9rrez \u00a0y Juan Luis Fradejas, todos ellos t\u00e9cnicos expertos en el \u00e1rea agr\u00edcola. Los alumnos Mandi (Senegal) Bouabib (Marruecos), Emilio (Espa\u00f1a), Yeral (Republica Dominicana, Sor\u00edn (Ruman\u00eda) Brahim (Marruecos)<\/p>\n<p><a href=\"http:\/\/www.ecoinea.org\/wp-content\/uploads\/2013\/04\/Todos-2peq.jpg\"><img fetchpriority=\"high\" decoding=\"async\" class=\"aligncenter wp-image-1014 size-full\" src=\"http:\/\/www.ecoinea.org\/wp-content\/uploads\/2013\/04\/Todos-2peq.jpg\" alt=\"\" width=\"800\" height=\"600\" srcset=\"http:\/\/www.ecoinea.org\/wp-content\/uploads\/2013\/04\/Todos-2peq.jpg 800w, http:\/\/www.ecoinea.org\/wp-content\/uploads\/2013\/04\/Todos-2peq-300x225.jpg 300w, http:\/\/www.ecoinea.org\/wp-content\/uploads\/2013\/04\/Todos-2peq-768x576.jpg 768w\" sizes=\"(max-width: 800px) 100vw, 800px\" \/><\/a><\/p>\n","protected":false},"excerpt":{"rendered":"<p>Agroecolog\u00eda y compromiso social. Formaci\u00f3n y trabajo. Cooperaci\u00f3n y empleo. La Fundaci\u00f3n INEA ha comenzado hoy mismo (15 de Abril) un programa nuevo que beneficiar\u00e1 a inmigrantes y discapacitados, aunque con resultados que se reflejar\u00e1n tambi\u00e9n en la explotaci\u00f3n de sus cultivos ecol\u00f3gicos y en la difusi\u00f3n de la filosof\u00eda agroecol\u00f3gica. Hasta el pr\u00f3ximo 30 &#8230; <a title=\"Experiencia de convivencia con Inmigrantes\" class=\"read-more\" href=\"http:\/\/www.ecoinea.org\/index.php\/2013\/04\/15\/experiencia-de-integracion-con-inmigrantes\/\">Leer m\u00e1s<span class=\"screen-reader-text\">Experiencia de convivencia con Inmigrantes<\/span><\/a><\/p>\n","protected":false},"author":1,"featured_media":0,"comment_status":"open","ping_status":"open","sticky":false,"template":"","format":"standard","meta":{"footnotes":""},"categories":[84,81],"tags":[99,136],"_links":{"self":[{"href":"http:\/\/www.ecoinea.org\/index.php\/wp-json\/wp\/v2\/posts\/371"}],"collection":[{"href":"http:\/\/www.ecoinea.org\/index.php\/wp-json\/wp\/v2\/posts"}],"about":[{"href":"http:\/\/www.ecoinea.org\/index.php\/wp-json\/wp\/v2\/types\/post"}],"author":[{"embeddable":true,"href":"http:\/\/www.ecoinea.org\/index.php\/wp-json\/wp\/v2\/users\/1"}],"replies":[{"embeddable":true,"href":"http:\/\/www.ecoinea.org\/index.php\/wp-json\/wp\/v2\/comments?post=371"}],"version-history":[{"count":2,"href":"http:\/\/www.ecoinea.org\/index.php\/wp-json\/wp\/v2\/posts\/371\/revisions"}],"predecessor-version":[{"id":1854,"href":"http:\/\/www.ecoinea.org\/index.php\/wp-json\/wp\/v2\/posts\/371\/revisions\/1854"}],"wp:attachment":[{"href":"http:\/\/www.ecoinea.org\/index.php\/wp-json\/wp\/v2\/media?parent=371"}],"wp:term":[{"taxonomy":"category","embeddable":true,"href":"http:\/\/www.ecoinea.org\/index.php\/wp-json\/wp\/v2\/categories?post=371"},{"taxonomy":"post_tag","embeddable":true,"href":"http:\/\/www.ecoinea.org\/index.php\/wp-json\/wp\/v2\/tags?post=371"}],"curies":[{"name":"wp","href":"https:\/\/api.w.org\/{rel}","templated":true}]}}