{"id":372,"date":"2013-04-16T21:59:21","date_gmt":"2013-04-16T21:59:21","guid":{"rendered":"http:\/\/pai.inea.org\/?p=28"},"modified":"2018-06-14T08:51:50","modified_gmt":"2018-06-14T08:51:50","slug":"semana-de-espiritualidad-y-ecologia","status":"publish","type":"post","link":"http:\/\/www.ecoinea.org\/index.php\/2013\/04\/16\/semana-de-espiritualidad-y-ecologia\/","title":{"rendered":"Semana de Espiritualidad y Ecolog\u00eda"},"content":{"rendered":"<p style=\"text-align: left;\">El Instituto Fe y Desarrollo y La Fundaci\u00f3n INEA dentro de su programa Proyecto Agroecol\u00f3gico Integral \u00a0organizan la<br \/>\nSEMANA DE ESPIRITUALIDAD Y ECOLOG\u00cdA 2013<br \/>\nT\u00edtulo:<strong> El reto ambiental y el compromiso creyente<\/strong><\/p>\n<p style=\"text-align: left;\">del 7 al 9 de Mayo de 2013<\/p>\n<p style=\"text-align: left;\">El relato la creaci\u00f3n en el G\u00e9nesis nos narra un trabajo de seis d\u00edas del Dios Creador. Con<br \/>\ndemasiada frecuencia parece que a los creyentes s\u00f3lo nos ha importado el sexto (la creaci\u00f3n<br \/>\ndel hombre-mujer); pero s\u00f3lo hay una creaci\u00f3n, que es un todo. Y toda ella debe ser salvada.<br \/>\nEl reto ambiental hoy pone en peligro la propia existencia de una vida digna al alcance de<br \/>\ntodos para los tiempos actuales y futuros. \u00bfNuestra fe tiene algo que decirnos al respecto?<br \/>\nEl Papa en sus primeras homil\u00edas y alocuciones no deja de hacer referencia constante al<br \/>\nproblema ecol\u00f3gico y desde el Instituto de Fe y Desarrollo y la Fundaci\u00f3n Inea proponemos<br \/>\nclaves para su reflexi\u00f3n.<br \/>\n\uf0b7 D\u00edas: 7-8-9 de mayo<br \/>\n\uf0b7 Hora: 20.00h.<br \/>\n\uf0b7 Lugar: Sala Borja. Ruiz Hern\u00e1ndez, 3 Valladolid. Tf 983292400<\/p>\n<p style=\"text-align: left;\"><strong>\uf0b7 7 de mayo, martes<\/strong><br \/>\n<strong>Leandro Sequeiros sj.<\/strong><br \/>\n<strong>\u201cCustodiar la creaci\u00f3n. Guardianes de lo humano y del ambiente\u201d<\/strong><br \/>\nLos \u00faltimos tiempos van mostrando un preocupante reto ambiental en nuestro planeta y<br \/>\nplantea nuevos paradigmas . Esta nueva situaci\u00f3n puede valorarse y enjuiciarse desde los<br \/>\nprincipios \u00e9ticos y las directrices de las religiones -JUZGAR-. Desde ah\u00ed hemos de pensar en<br \/>\nnuestro compromiso viendo qu\u00e9 dicen las organizaciones internacionales y si es suficiente el<br \/>\ndesarrollo sostenible \u2013ACTUAR-.<br \/>\nLeandro Sequeiros, (Sevilla, 1942). Jesuita, doctor en Ciencias, miembro de la comisi\u00f3n de<br \/>\nEcologia del sector social de la Compa\u00f1\u00eda de Jes\u00fas. Autor de &#8220;Jesuitas en las fronteras&#8221; (2011) y<br \/>\n&#8220;Ecolog\u00eda, oraci\u00f3n y justicia. Sanar un mundo herido&#8221; (2012).<\/p>\n<p style=\"text-align: left;\"><strong>\uf0b7 8 de mayo, mi\u00e9rcoles<\/strong><br \/>\n<strong>Jos\u00e9 Eizaguirre<\/strong><br \/>\n<strong>\u201cEstilos de vida en conversi\u00f3n. Contribuyendo a otro mundo mejor posible con nuestra <\/strong><br \/>\n<strong>manera de vivir\u201d.<\/strong><br \/>\n&#8220;Convertir&#8221; nuestros estilos de vida significa transformarlos, cambiar la manera de vivir, siendo<br \/>\nconscientes de las repercusiones que nuestra forma de vida tiene en otras sociedades, en la<br \/>\nCreaci\u00f3n e incluso en nuestra propia salud corporal y espiritual. Pero &#8220;convertir&#8221; tambi\u00e9n<br \/>\nsupone dar un sentido moral a esa transformaci\u00f3n: buscando hacer el bien y evitando hacer<br \/>\nda\u00f1o a nadie, para que todos -incluidas las generaciones futuras- tengan vida y vida en<br \/>\nplenitud. Muchos ya han empezado a dar pasos para vivir as\u00ed. Hay muchas personas que est\u00e1n<br \/>\ncambiando su estilo de vida. Ejemplos estimulantes que nos muestran no solo que es posible<br \/>\nvivir de esas maneras sino que es posible ser feliz viviendo as\u00ed. \u00a1Cu\u00e1nta buena gente poniendo<br \/>\nen pr\u00e1ctica estilos de vida en conversi\u00f3n!<br \/>\nJos\u00e9 Eizaguirre (Madrid, 1964) es autor del libro &#8220;Una vida sobria, honrada y religiosa&#8221; (Narcea<br \/>\n2010), as\u00ed como de art\u00edculos, conferencias y cursos sobre ecolog\u00eda, consumo y estilos de vida<br \/>\nalternativos. Es el creador de la campa\u00f1a de solidaridad &#8220;Cuaresma, cuarenta d\u00edas con los<br \/>\ncuarenta \u00faltimos&#8221; y colabora con el blog de Cristianisme i Just\u00edcia.<\/p>\n<p style=\"text-align: left;\"><strong>\uf0b7 9 de mayo, jueves<\/strong><br \/>\n<strong>Jos\u00e9 Ignacio Garc\u00eda SJ<\/strong><br \/>\n<strong>\u201cSanando un mundo herido, hacia un compromiso ecol\u00f3gico de los creyentes\u201d<\/strong><br \/>\nMientras que para la sociedad civil las cuestiones ecol\u00f3gicas y medioambientales ocupan ya un<br \/>\nlugar importante, para la Iglesia y los creyentes es todav\u00eda un espacio novedoso. Poco a poco<br \/>\nvan surgiendo distintas iniciativas entre los creyentes para responder a este reto. Distintas<br \/>\ncongregaciones religiosas y grupos de laicos, entre ellos los jesuitas, van lanzando propuestas<br \/>\nque quieren abarcar desde la reflexi\u00f3n teol\u00f3gica, el compromiso activo y una espiritualidad<br \/>\nque anime y sostenga estos esfuerzos.<br \/>\nJos\u00e9 Ignacio Garc\u00eda (1964) jesuita. Ha sido profesor de la EUITA-INEA de Valladolid y<br \/>\nactualmente es el director del Jesuit European Social Centre (Bruselas) . Es uno de los editores<br \/>\ndel bolet\u00edn electr\u00f3nico Ecojesuit (<a href=\"http:\/\/www.ecojesuit.com\/\" target=\"_blank\" rel=\"noopener\">www.ecojesuit.com<\/a> ).<\/p>\n","protected":false},"excerpt":{"rendered":"<p>El Instituto Fe y Desarrollo y La Fundaci\u00f3n INEA dentro de su programa Proyecto Agroecol\u00f3gico Integral \u00a0organizan la SEMANA DE ESPIRITUALIDAD Y ECOLOG\u00cdA 2013 T\u00edtulo: El reto ambiental y el compromiso creyente del 7 al 9 de Mayo de 2013 El relato la creaci\u00f3n en el G\u00e9nesis nos narra un trabajo de seis d\u00edas del &#8230; <a title=\"Semana de Espiritualidad y Ecolog\u00eda\" class=\"read-more\" href=\"http:\/\/www.ecoinea.org\/index.php\/2013\/04\/16\/semana-de-espiritualidad-y-ecologia\/\">Leer m\u00e1s<span class=\"screen-reader-text\">Semana de Espiritualidad y Ecolog\u00eda<\/span><\/a><\/p>\n","protected":false},"author":1,"featured_media":0,"comment_status":"open","ping_status":"open","sticky":false,"template":"","format":"standard","meta":{"footnotes":""},"categories":[84,81],"tags":[125],"_links":{"self":[{"href":"http:\/\/www.ecoinea.org\/index.php\/wp-json\/wp\/v2\/posts\/372"}],"collection":[{"href":"http:\/\/www.ecoinea.org\/index.php\/wp-json\/wp\/v2\/posts"}],"about":[{"href":"http:\/\/www.ecoinea.org\/index.php\/wp-json\/wp\/v2\/types\/post"}],"author":[{"embeddable":true,"href":"http:\/\/www.ecoinea.org\/index.php\/wp-json\/wp\/v2\/users\/1"}],"replies":[{"embeddable":true,"href":"http:\/\/www.ecoinea.org\/index.php\/wp-json\/wp\/v2\/comments?post=372"}],"version-history":[{"count":3,"href":"http:\/\/www.ecoinea.org\/index.php\/wp-json\/wp\/v2\/posts\/372\/revisions"}],"predecessor-version":[{"id":1565,"href":"http:\/\/www.ecoinea.org\/index.php\/wp-json\/wp\/v2\/posts\/372\/revisions\/1565"}],"wp:attachment":[{"href":"http:\/\/www.ecoinea.org\/index.php\/wp-json\/wp\/v2\/media?parent=372"}],"wp:term":[{"taxonomy":"category","embeddable":true,"href":"http:\/\/www.ecoinea.org\/index.php\/wp-json\/wp\/v2\/categories?post=372"},{"taxonomy":"post_tag","embeddable":true,"href":"http:\/\/www.ecoinea.org\/index.php\/wp-json\/wp\/v2\/tags?post=372"}],"curies":[{"name":"wp","href":"https:\/\/api.w.org\/{rel}","templated":true}]}}