{"id":373,"date":"2013-04-16T22:04:17","date_gmt":"2013-04-16T22:04:17","guid":{"rendered":"http:\/\/pai.inea.org\/?p=30"},"modified":"2018-06-14T08:51:34","modified_gmt":"2018-06-14T08:51:34","slug":"colaboracion-con-el-congo","status":"publish","type":"post","link":"http:\/\/www.ecoinea.org\/index.php\/2013\/04\/16\/colaboracion-con-el-congo\/","title":{"rendered":"Colaboraci\u00f3n con El Congo"},"content":{"rendered":"<p>La hermana Brigitte Batiusiabwa misionera de san Francisco Javier est\u00e1 siguiendo un Programa de Formaci\u00f3n a trav\u00e9s de la Fundaci\u00f3n INEA en un a\u00f1o de reciclaje en Espa\u00f1a. \u00a0Brigitte ha estudiado Agricultura y quiere recuperar las ra\u00edces profundas de la agricultura natural y ecol\u00f3gica y las ra\u00edces espirituales de la relaci\u00f3n con la Naturaleza de su pueblo congole\u00f1o. A lo largo de este curso har\u00e1 diversos cursos en INEA, as\u00ed como estancias en el Laboratorio y en la Granja Escuela Las Cortas de Blas, tratando de formarse para poder trabajar mejor con su gente en su pa\u00eds. Desde aqu\u00ed la deseamos una buena estancia entre nosotros<\/p>\n<p>En la foto la Hna Brigitte en Las Cortas de Blas<\/p>\n<p><a href=\"http:\/\/www.ecoinea.org\/wp-content\/uploads\/2013\/04\/brigitte.jpg\"><img fetchpriority=\"high\" decoding=\"async\" class=\"aligncenter wp-image-1015 size-full\" src=\"http:\/\/www.ecoinea.org\/wp-content\/uploads\/2013\/04\/brigitte.jpg\" alt=\"\" width=\"598\" height=\"480\" srcset=\"http:\/\/www.ecoinea.org\/wp-content\/uploads\/2013\/04\/brigitte.jpg 598w, http:\/\/www.ecoinea.org\/wp-content\/uploads\/2013\/04\/brigitte-300x241.jpg 300w\" sizes=\"(max-width: 598px) 100vw, 598px\" \/><\/a><\/p>\n","protected":false},"excerpt":{"rendered":"<p>La hermana Brigitte Batiusiabwa misionera de san Francisco Javier est\u00e1 siguiendo un Programa de Formaci\u00f3n a trav\u00e9s de la Fundaci\u00f3n INEA en un a\u00f1o de reciclaje en Espa\u00f1a. \u00a0Brigitte ha estudiado Agricultura y quiere recuperar las ra\u00edces profundas de la agricultura natural y ecol\u00f3gica y las ra\u00edces espirituales de la relaci\u00f3n con la Naturaleza de &#8230; <a title=\"Colaboraci\u00f3n con El Congo\" class=\"read-more\" href=\"http:\/\/www.ecoinea.org\/index.php\/2013\/04\/16\/colaboracion-con-el-congo\/\">Leer m\u00e1s<span class=\"screen-reader-text\">Colaboraci\u00f3n con El Congo<\/span><\/a><\/p>\n","protected":false},"author":1,"featured_media":0,"comment_status":"open","ping_status":"open","sticky":false,"template":"","format":"standard","meta":{"footnotes":""},"categories":[84,81],"tags":[90,106],"_links":{"self":[{"href":"http:\/\/www.ecoinea.org\/index.php\/wp-json\/wp\/v2\/posts\/373"}],"collection":[{"href":"http:\/\/www.ecoinea.org\/index.php\/wp-json\/wp\/v2\/posts"}],"about":[{"href":"http:\/\/www.ecoinea.org\/index.php\/wp-json\/wp\/v2\/types\/post"}],"author":[{"embeddable":true,"href":"http:\/\/www.ecoinea.org\/index.php\/wp-json\/wp\/v2\/users\/1"}],"replies":[{"embeddable":true,"href":"http:\/\/www.ecoinea.org\/index.php\/wp-json\/wp\/v2\/comments?post=373"}],"version-history":[{"count":2,"href":"http:\/\/www.ecoinea.org\/index.php\/wp-json\/wp\/v2\/posts\/373\/revisions"}],"predecessor-version":[{"id":1853,"href":"http:\/\/www.ecoinea.org\/index.php\/wp-json\/wp\/v2\/posts\/373\/revisions\/1853"}],"wp:attachment":[{"href":"http:\/\/www.ecoinea.org\/index.php\/wp-json\/wp\/v2\/media?parent=373"}],"wp:term":[{"taxonomy":"category","embeddable":true,"href":"http:\/\/www.ecoinea.org\/index.php\/wp-json\/wp\/v2\/categories?post=373"},{"taxonomy":"post_tag","embeddable":true,"href":"http:\/\/www.ecoinea.org\/index.php\/wp-json\/wp\/v2\/tags?post=373"}],"curies":[{"name":"wp","href":"https:\/\/api.w.org\/{rel}","templated":true}]}}