{"id":374,"date":"2013-04-17T20:24:41","date_gmt":"2013-04-17T20:24:41","guid":{"rendered":"http:\/\/pai.inea.org\/?p=54"},"modified":"2018-06-14T08:50:22","modified_gmt":"2018-06-14T08:50:22","slug":"lissis-guyen-colabora-con-la-fundacion","status":"publish","type":"post","link":"http:\/\/www.ecoinea.org\/index.php\/2013\/04\/17\/lissis-guyen-colabora-con-la-fundacion\/","title":{"rendered":"Lissis Guy\u00e9n colabora con la Fundaci\u00f3n"},"content":{"rendered":"<p>La licenciada en Tecnolog\u00eda de los alimentos Lissis Guy\u00e9n lleva un mes colaborando con la Fundaci\u00f3n INEA. De nacimiento cubana, pero formada en panam\u00e1, Chile y Argentina Lissis llega para echarnos una mano en la realizaci\u00f3n de los videotalleres de Huertos y Gallinas y en un Nuevo Proyecto que en breve pondr\u00e1 en marcha la Fundaci\u00f3n dentro de su Proyecto Agroecol\u00f3gico Integral. Lissis aporta adem\u00e1s de su buen hacer toda su energ\u00eda y entusiasmo en que las cosas vayan adelante y se hagan bien; hace tambi\u00e9n el seguimiento de varias aulas virtuales dentro de lo que son los videotalleres. Lissis trabaja en equipo con Ana Leal a la que podemos considerar l\u00edder de este equipo entusiasta que lleva adelante la Fundaci\u00f3n INEA. En esos momentos colaboran tambi\u00e9n de manera desinteresada, Ricardo y Patricia Miranda de Las Cortas de Blas, Juan Luis Fradejas, Javier pinilla, Raquel campo&#8230;.<\/p>\n<p><a href=\"http:\/\/www.ecoinea.org\/wp-content\/uploads\/2013\/04\/lissis.jpg\"><img fetchpriority=\"high\" decoding=\"async\" class=\"aligncenter wp-image-1016 size-full\" src=\"http:\/\/www.ecoinea.org\/wp-content\/uploads\/2013\/04\/lissis.jpg\" alt=\"\" width=\"613\" height=\"555\" srcset=\"http:\/\/www.ecoinea.org\/wp-content\/uploads\/2013\/04\/lissis.jpg 613w, http:\/\/www.ecoinea.org\/wp-content\/uploads\/2013\/04\/lissis-300x272.jpg 300w\" sizes=\"(max-width: 613px) 100vw, 613px\" \/><\/a><\/p>\n","protected":false},"excerpt":{"rendered":"<p>La licenciada en Tecnolog\u00eda de los alimentos Lissis Guy\u00e9n lleva un mes colaborando con la Fundaci\u00f3n INEA. De nacimiento cubana, pero formada en panam\u00e1, Chile y Argentina Lissis llega para echarnos una mano en la realizaci\u00f3n de los videotalleres de Huertos y Gallinas y en un Nuevo Proyecto que en breve pondr\u00e1 en marcha la &#8230; <a title=\"Lissis Guy\u00e9n colabora con la Fundaci\u00f3n\" class=\"read-more\" href=\"http:\/\/www.ecoinea.org\/index.php\/2013\/04\/17\/lissis-guyen-colabora-con-la-fundacion\/\">Leer m\u00e1s<span class=\"screen-reader-text\">Lissis Guy\u00e9n colabora con la Fundaci\u00f3n<\/span><\/a><\/p>\n","protected":false},"author":1,"featured_media":0,"comment_status":"open","ping_status":"open","sticky":false,"template":"","format":"standard","meta":{"footnotes":""},"categories":[84,81],"tags":[90,96],"_links":{"self":[{"href":"http:\/\/www.ecoinea.org\/index.php\/wp-json\/wp\/v2\/posts\/374"}],"collection":[{"href":"http:\/\/www.ecoinea.org\/index.php\/wp-json\/wp\/v2\/posts"}],"about":[{"href":"http:\/\/www.ecoinea.org\/index.php\/wp-json\/wp\/v2\/types\/post"}],"author":[{"embeddable":true,"href":"http:\/\/www.ecoinea.org\/index.php\/wp-json\/wp\/v2\/users\/1"}],"replies":[{"embeddable":true,"href":"http:\/\/www.ecoinea.org\/index.php\/wp-json\/wp\/v2\/comments?post=374"}],"version-history":[{"count":3,"href":"http:\/\/www.ecoinea.org\/index.php\/wp-json\/wp\/v2\/posts\/374\/revisions"}],"predecessor-version":[{"id":1852,"href":"http:\/\/www.ecoinea.org\/index.php\/wp-json\/wp\/v2\/posts\/374\/revisions\/1852"}],"wp:attachment":[{"href":"http:\/\/www.ecoinea.org\/index.php\/wp-json\/wp\/v2\/media?parent=374"}],"wp:term":[{"taxonomy":"category","embeddable":true,"href":"http:\/\/www.ecoinea.org\/index.php\/wp-json\/wp\/v2\/categories?post=374"},{"taxonomy":"post_tag","embeddable":true,"href":"http:\/\/www.ecoinea.org\/index.php\/wp-json\/wp\/v2\/tags?post=374"}],"curies":[{"name":"wp","href":"https:\/\/api.w.org\/{rel}","templated":true}]}}