{"id":376,"date":"2013-04-18T19:59:44","date_gmt":"2013-04-18T19:59:44","guid":{"rendered":"http:\/\/pai.inea.org\/?p=76"},"modified":"2018-06-14T08:47:55","modified_gmt":"2018-06-14T08:47:55","slug":"come-sano-come-justo","status":"publish","type":"post","link":"http:\/\/www.ecoinea.org\/index.php\/2013\/04\/18\/come-sano-come-justo\/","title":{"rendered":"Come sano Come Justo"},"content":{"rendered":"<p>Come sano Come Justo Sdad Cooperativa es un proyecto cooperativo de un grupo de 120 personas de Valladolid y amigos de otras ciudades que busca lka promoci\u00f3n del desarrollo sostenible a trav\u00e9s de la comercializaci\u00f3n de productos ecol\u00f3gicos y de comercio justo. Junto a esta venta que ya de por s\u00ed tiene un valor social y pol\u00edtico, se acompa\u00f1a al proyecto con m\u00faltiples acciones de sensibilizaci\u00f3n, concienciaci\u00f3n, etc. Come sano come justo, que nace en 2010 en la calle ruiz hern\u00e1ndez, 3 es una realidad potente en nuestra ciudad, consolidada en lo econ\u00f3mico y en lo social con importantes proyectos en marcha. La Fundaci\u00f3n INEA participa como socia de este este Proyecto con el que se siente plenamente identificada y al que apoya plenamente. <a href=\"http:\/\/comesanocomejusto.com\/\" target=\"_blank\" rel=\"noopener\">www.comesanocomejusto.com<\/a><\/p>\n<p><a href=\"http:\/\/www.ecoinea.org\/wp-content\/uploads\/2013\/04\/cartel-115x175-3.jpg\"><img fetchpriority=\"high\" decoding=\"async\" class=\"aligncenter wp-image-1025 size-full\" src=\"http:\/\/www.ecoinea.org\/wp-content\/uploads\/2013\/04\/cartel-115x175-3.jpg\" alt=\"\" width=\"576\" height=\"695\" srcset=\"http:\/\/www.ecoinea.org\/wp-content\/uploads\/2013\/04\/cartel-115x175-3.jpg 576w, http:\/\/www.ecoinea.org\/wp-content\/uploads\/2013\/04\/cartel-115x175-3-249x300.jpg 249w\" sizes=\"(max-width: 576px) 100vw, 576px\" \/><\/a><\/p>\n","protected":false},"excerpt":{"rendered":"<p>Come sano Come Justo Sdad Cooperativa es un proyecto cooperativo de un grupo de 120 personas de Valladolid y amigos de otras ciudades que busca lka promoci\u00f3n del desarrollo sostenible a trav\u00e9s de la comercializaci\u00f3n de productos ecol\u00f3gicos y de comercio justo. Junto a esta venta que ya de por s\u00ed tiene un valor social &#8230; <a title=\"Come sano Come Justo\" class=\"read-more\" href=\"http:\/\/www.ecoinea.org\/index.php\/2013\/04\/18\/come-sano-come-justo\/\">Leer m\u00e1s<span class=\"screen-reader-text\">Come sano Come Justo<\/span><\/a><\/p>\n","protected":false},"author":1,"featured_media":0,"comment_status":"open","ping_status":"open","sticky":false,"template":"","format":"standard","meta":{"footnotes":""},"categories":[81],"tags":[115],"_links":{"self":[{"href":"http:\/\/www.ecoinea.org\/index.php\/wp-json\/wp\/v2\/posts\/376"}],"collection":[{"href":"http:\/\/www.ecoinea.org\/index.php\/wp-json\/wp\/v2\/posts"}],"about":[{"href":"http:\/\/www.ecoinea.org\/index.php\/wp-json\/wp\/v2\/types\/post"}],"author":[{"embeddable":true,"href":"http:\/\/www.ecoinea.org\/index.php\/wp-json\/wp\/v2\/users\/1"}],"replies":[{"embeddable":true,"href":"http:\/\/www.ecoinea.org\/index.php\/wp-json\/wp\/v2\/comments?post=376"}],"version-history":[{"count":2,"href":"http:\/\/www.ecoinea.org\/index.php\/wp-json\/wp\/v2\/posts\/376\/revisions"}],"predecessor-version":[{"id":1849,"href":"http:\/\/www.ecoinea.org\/index.php\/wp-json\/wp\/v2\/posts\/376\/revisions\/1849"}],"wp:attachment":[{"href":"http:\/\/www.ecoinea.org\/index.php\/wp-json\/wp\/v2\/media?parent=376"}],"wp:term":[{"taxonomy":"category","embeddable":true,"href":"http:\/\/www.ecoinea.org\/index.php\/wp-json\/wp\/v2\/categories?post=376"},{"taxonomy":"post_tag","embeddable":true,"href":"http:\/\/www.ecoinea.org\/index.php\/wp-json\/wp\/v2\/tags?post=376"}],"curies":[{"name":"wp","href":"https:\/\/api.w.org\/{rel}","templated":true}]}}