{"id":377,"date":"2013-04-19T16:57:25","date_gmt":"2013-04-19T16:57:25","guid":{"rendered":"http:\/\/pai.inea.org\/?p=92"},"modified":"2018-06-14T08:47:34","modified_gmt":"2018-06-14T08:47:34","slug":"bioyantar","status":"publish","type":"post","link":"http:\/\/www.ecoinea.org\/index.php\/2013\/04\/19\/bioyantar\/","title":{"rendered":"Bioyantar"},"content":{"rendered":"<p>Bioyantar es una iniciativa de Fundaci\u00f3n INEA en relaci\u00f3n al apoyo que quiere prestar a la producci\u00f3n agraria ecol\u00f3gica en castilla y le\u00f3n y a las relaciones internacionales de Comercio justo. Bioyantar celebr\u00f3 en 2012 una Feria en Valladolid que fue el estreno de la marca y a la que asistieron casi 5000 personas. Bioyantar se trabaja con Era gu\u00eda para la innovaci\u00f3n, una empresa consultora sensibilizada y dentro de su marca trabajamos todo lo que tiene que ver relaci\u00f3n con productores, impulso social, ventas y mercados, sensibilizaci\u00f3n, etc. en agricultura ecol\u00f3gica.<\/p>\n<p>Bioyantar tiene su <a href=\"http:\/\/www.bioyantar.com\/\" target=\"_blank\" rel=\"noopener\">web<\/a> y tambi\u00e9n su lugar en <a href=\"https:\/\/www.facebook.com\/Bioyantar\/posts\/862583357223346\" target=\"_blank\" rel=\"noopener\">facebook<\/a><\/p>\n<p><a href=\"http:\/\/www.ecoinea.org\/wp-content\/uploads\/2018\/06\/LOGO-FINAL-18-9-12.jpg\"><img fetchpriority=\"high\" decoding=\"async\" class=\"aligncenter wp-image-1563 size-large\" src=\"http:\/\/www.ecoinea.org\/wp-content\/uploads\/2018\/06\/LOGO-FINAL-18-9-12-1024x502.jpg\" alt=\"\" width=\"1024\" height=\"502\" srcset=\"http:\/\/www.ecoinea.org\/wp-content\/uploads\/2018\/06\/LOGO-FINAL-18-9-12-1024x502.jpg 1024w, http:\/\/www.ecoinea.org\/wp-content\/uploads\/2018\/06\/LOGO-FINAL-18-9-12-300x147.jpg 300w, http:\/\/www.ecoinea.org\/wp-content\/uploads\/2018\/06\/LOGO-FINAL-18-9-12-768x377.jpg 768w\" sizes=\"(max-width: 1024px) 100vw, 1024px\" \/><\/a><\/p>\n","protected":false},"excerpt":{"rendered":"<p>Bioyantar es una iniciativa de Fundaci\u00f3n INEA en relaci\u00f3n al apoyo que quiere prestar a la producci\u00f3n agraria ecol\u00f3gica en castilla y le\u00f3n y a las relaciones internacionales de Comercio justo. Bioyantar celebr\u00f3 en 2012 una Feria en Valladolid que fue el estreno de la marca y a la que asistieron casi 5000 personas. Bioyantar &#8230; <a title=\"Bioyantar\" class=\"read-more\" href=\"http:\/\/www.ecoinea.org\/index.php\/2013\/04\/19\/bioyantar\/\">Leer m\u00e1s<span class=\"screen-reader-text\">Bioyantar<\/span><\/a><\/p>\n","protected":false},"author":1,"featured_media":0,"comment_status":"open","ping_status":"open","sticky":false,"template":"","format":"standard","meta":{"footnotes":""},"categories":[81],"tags":[134],"_links":{"self":[{"href":"http:\/\/www.ecoinea.org\/index.php\/wp-json\/wp\/v2\/posts\/377"}],"collection":[{"href":"http:\/\/www.ecoinea.org\/index.php\/wp-json\/wp\/v2\/posts"}],"about":[{"href":"http:\/\/www.ecoinea.org\/index.php\/wp-json\/wp\/v2\/types\/post"}],"author":[{"embeddable":true,"href":"http:\/\/www.ecoinea.org\/index.php\/wp-json\/wp\/v2\/users\/1"}],"replies":[{"embeddable":true,"href":"http:\/\/www.ecoinea.org\/index.php\/wp-json\/wp\/v2\/comments?post=377"}],"version-history":[{"count":5,"href":"http:\/\/www.ecoinea.org\/index.php\/wp-json\/wp\/v2\/posts\/377\/revisions"}],"predecessor-version":[{"id":1968,"href":"http:\/\/www.ecoinea.org\/index.php\/wp-json\/wp\/v2\/posts\/377\/revisions\/1968"}],"wp:attachment":[{"href":"http:\/\/www.ecoinea.org\/index.php\/wp-json\/wp\/v2\/media?parent=377"}],"wp:term":[{"taxonomy":"category","embeddable":true,"href":"http:\/\/www.ecoinea.org\/index.php\/wp-json\/wp\/v2\/categories?post=377"},{"taxonomy":"post_tag","embeddable":true,"href":"http:\/\/www.ecoinea.org\/index.php\/wp-json\/wp\/v2\/tags?post=377"}],"curies":[{"name":"wp","href":"https:\/\/api.w.org\/{rel}","templated":true}]}}