{"id":378,"date":"2013-04-19T22:10:58","date_gmt":"2013-04-19T22:10:58","guid":{"rendered":"http:\/\/pai.inea.org\/?p=107"},"modified":"2018-06-14T08:45:54","modified_gmt":"2018-06-14T08:45:54","slug":"conferencia-de-jose-ignacio-garcia-sobre-la-gestion-de-recursos-naturales-en-el-congo","status":"publish","type":"post","link":"http:\/\/www.ecoinea.org\/index.php\/2013\/04\/19\/conferencia-de-jose-ignacio-garcia-sobre-la-gestion-de-recursos-naturales-en-el-congo\/","title":{"rendered":"Conferencia de Jos\u00e9 Ignacio garc\u00eda sobre la Gesti\u00f3n de Recursos naturales en el Congo"},"content":{"rendered":"<p>El 9 de Mayo, Jos\u00e9 Ignacio Garc\u00eda Director del \u00e1rea social de Europa de la Compa\u00f1\u00eda de Jes\u00fas y Responsable de la revista online Ecojesuit tendr\u00e1 una conferencia en el CM Menendez Pelayo cobre el tema titular de esta noticia. Jos\u00e9 Ignacio forma parte de un equipo que a trav\u00e9s de tres ONG est\u00e1n trabajando porque la regulaci\u00f3n de los mercados de materias primas sea m\u00e1s transparente y m\u00e1s justo, A las 10,15 de la noche<\/p>\n<p><a href=\"http:\/\/www.ecoinea.org\/wp-content\/uploads\/2013\/04\/ecojesuit.png\"><img fetchpriority=\"high\" decoding=\"async\" class=\"aligncenter wp-image-1841 size-full\" src=\"http:\/\/www.ecoinea.org\/wp-content\/uploads\/2013\/04\/ecojesuit.png\" alt=\"\" width=\"1130\" height=\"153\" srcset=\"http:\/\/www.ecoinea.org\/wp-content\/uploads\/2013\/04\/ecojesuit.png 1130w, http:\/\/www.ecoinea.org\/wp-content\/uploads\/2013\/04\/ecojesuit-300x41.png 300w, http:\/\/www.ecoinea.org\/wp-content\/uploads\/2013\/04\/ecojesuit-768x104.png 768w, http:\/\/www.ecoinea.org\/wp-content\/uploads\/2013\/04\/ecojesuit-1024x139.png 1024w\" sizes=\"(max-width: 1130px) 100vw, 1130px\" \/><\/a><\/p>\n<p>&nbsp;<\/p>\n","protected":false},"excerpt":{"rendered":"<p>El 9 de Mayo, Jos\u00e9 Ignacio Garc\u00eda Director del \u00e1rea social de Europa de la Compa\u00f1\u00eda de Jes\u00fas y Responsable de la revista online Ecojesuit tendr\u00e1 una conferencia en el CM Menendez Pelayo cobre el tema titular de esta noticia. Jos\u00e9 Ignacio forma parte de un equipo que a trav\u00e9s de tres ONG est\u00e1n trabajando &#8230; <a title=\"Conferencia de Jos\u00e9 Ignacio garc\u00eda sobre la Gesti\u00f3n de Recursos naturales en el Congo\" class=\"read-more\" href=\"http:\/\/www.ecoinea.org\/index.php\/2013\/04\/19\/conferencia-de-jose-ignacio-garcia-sobre-la-gestion-de-recursos-naturales-en-el-congo\/\">Leer m\u00e1s<span class=\"screen-reader-text\">Conferencia de Jos\u00e9 Ignacio garc\u00eda sobre la Gesti\u00f3n de Recursos naturales en el Congo<\/span><\/a><\/p>\n","protected":false},"author":1,"featured_media":0,"comment_status":"open","ping_status":"open","sticky":false,"template":"","format":"standard","meta":{"footnotes":""},"categories":[81],"tags":[138],"_links":{"self":[{"href":"http:\/\/www.ecoinea.org\/index.php\/wp-json\/wp\/v2\/posts\/378"}],"collection":[{"href":"http:\/\/www.ecoinea.org\/index.php\/wp-json\/wp\/v2\/posts"}],"about":[{"href":"http:\/\/www.ecoinea.org\/index.php\/wp-json\/wp\/v2\/types\/post"}],"author":[{"embeddable":true,"href":"http:\/\/www.ecoinea.org\/index.php\/wp-json\/wp\/v2\/users\/1"}],"replies":[{"embeddable":true,"href":"http:\/\/www.ecoinea.org\/index.php\/wp-json\/wp\/v2\/comments?post=378"}],"version-history":[{"count":3,"href":"http:\/\/www.ecoinea.org\/index.php\/wp-json\/wp\/v2\/posts\/378\/revisions"}],"predecessor-version":[{"id":1843,"href":"http:\/\/www.ecoinea.org\/index.php\/wp-json\/wp\/v2\/posts\/378\/revisions\/1843"}],"wp:attachment":[{"href":"http:\/\/www.ecoinea.org\/index.php\/wp-json\/wp\/v2\/media?parent=378"}],"wp:term":[{"taxonomy":"category","embeddable":true,"href":"http:\/\/www.ecoinea.org\/index.php\/wp-json\/wp\/v2\/categories?post=378"},{"taxonomy":"post_tag","embeddable":true,"href":"http:\/\/www.ecoinea.org\/index.php\/wp-json\/wp\/v2\/tags?post=378"}],"curies":[{"name":"wp","href":"https:\/\/api.w.org\/{rel}","templated":true}]}}