{"id":38,"date":"2013-04-16T22:25:22","date_gmt":"2013-04-16T22:25:22","guid":{"rendered":"http:\/\/pai.inea.org\/?p=38"},"modified":"2018-06-14T08:51:02","modified_gmt":"2018-06-14T08:51:02","slug":"semana-de-vida-consagrada-y-ecologia","status":"publish","type":"post","link":"http:\/\/www.ecoinea.org\/index.php\/2013\/04\/16\/semana-de-vida-consagrada-y-ecologia\/","title":{"rendered":"Semana de vida consagrada y ecolog\u00eda"},"content":{"rendered":"<p>La \u00faltima semana de Julio tendr\u00e1 lugar en INEDA un Encuentro dedicado a la Vida\u00a0consagrada y la ecolog\u00eda. La semana viene coordinada por Vicente Felipe ofm y Jos\u00e9 Eizaguirre.<\/p>\n<p>Una semana viviendo de forma distinta, con el objetivo de ser m\u00e1s conscientes de las repercusiones de nuestra forma de vida y profundizar en nuevas pautas de comportamiento que nos ayuden a vivir de maneras m\u00e1s sostenibles, solidarias y\u00a0saludables, dando as\u00ed respuesta al don de la Creaci\u00f3n que interpela nuestra\u00a0responsabilidad personal y comunitaria.<br \/>\nHablamos de \u201cuna semana te\u00f3rico\u00adpr\u00e1ctica\u201d, porque la mera transmisi\u00f3n de ideas\u00a0no es suficiente, especialmente cuando se trata de formas de vida y h\u00e1bitos de comportamiento. Por eso, adem\u00e1s de las din\u00e1micas propias de todo cursillo,\u00a0incluiremos algunos talleres e intentaremos poner en pr\u00e1ctica, en la medida de lo\u00a0posible, los contenidos tratados. La propia estructura del cursillo ya quiere facilitarlo:<\/p>\n<p>\u2022 Un entorno natural, cerca de la ciudad de Valladolid, en el recinto de la Escuela Agr\u00edcola INEA y junto a una zona de huertos de ocio ecol\u00f3gicos.<br \/>\n\u2022 Un ritmo que favorezca la actitud de contemplaci\u00f3n, alabanza y agradecimiento.<br \/>\n\u2022 Un alojamiento sencillo, con dormitorios individuales y ba\u00f1os compartidos, en\u00a0donde todos colaboraremos con las tareas de la casa (cocina y limpieza).<br \/>\n\u2022 Una forma ecol\u00f3gica y solidaria de alimentaci\u00f3n, limpieza y aseo: dieta\u00a0vegetariana y ecol\u00f3gica, jabones y productos de limpieza caseros y naturales.<\/p>\n<p>Y todo ello, como comunidad temporal de vida consagrada, incluyendo cada\u00a0ma\u00f1ana y cada tarde un rato de oraci\u00f3n (sobre las Eucarist\u00edas de diario, nos pondremos de acuerdo sobre los d\u00edas y las horas en que las celebraremos),\u00a0dedicando una ma\u00f1ana de retiro y viviendo en todo el gozo de la fraternidad.<\/p>\n<p>Para ver el Programa completo pincha debajo<\/p>\n<p><a style=\"color: #074d7c; cursor: pointer;\" href=\"http:\/\/www.ecoinea.org\/wp-content\/uploads\/2018\/06\/Semana-VC-ecosolidaria-jul-13-1-1.pdf\" target=\"_blank\" rel=\"noopener\">Semana de Vida consagrada y Ecolog\u00eda<\/a><\/p>\n","protected":false},"excerpt":{"rendered":"<p>La \u00faltima semana de Julio tendr\u00e1 lugar en INEDA un Encuentro dedicado a la Vida\u00a0consagrada y la ecolog\u00eda. La semana viene coordinada por Vicente Felipe ofm y Jos\u00e9 Eizaguirre. Una semana viviendo de forma distinta, con el objetivo de ser m\u00e1s conscientes de las repercusiones de nuestra forma de vida y profundizar en nuevas pautas &#8230; <a title=\"Semana de vida consagrada y ecolog\u00eda\" class=\"read-more\" href=\"http:\/\/www.ecoinea.org\/index.php\/2013\/04\/16\/semana-de-vida-consagrada-y-ecologia\/\">Leer m\u00e1s<span class=\"screen-reader-text\">Semana de vida consagrada y ecolog\u00eda<\/span><\/a><\/p>\n","protected":false},"author":1,"featured_media":0,"comment_status":"open","ping_status":"open","sticky":false,"template":"","format":"standard","meta":{"footnotes":""},"categories":[84,81],"tags":[125],"_links":{"self":[{"href":"http:\/\/www.ecoinea.org\/index.php\/wp-json\/wp\/v2\/posts\/38"}],"collection":[{"href":"http:\/\/www.ecoinea.org\/index.php\/wp-json\/wp\/v2\/posts"}],"about":[{"href":"http:\/\/www.ecoinea.org\/index.php\/wp-json\/wp\/v2\/types\/post"}],"author":[{"embeddable":true,"href":"http:\/\/www.ecoinea.org\/index.php\/wp-json\/wp\/v2\/users\/1"}],"replies":[{"embeddable":true,"href":"http:\/\/www.ecoinea.org\/index.php\/wp-json\/wp\/v2\/comments?post=38"}],"version-history":[{"count":3,"href":"http:\/\/www.ecoinea.org\/index.php\/wp-json\/wp\/v2\/posts\/38\/revisions"}],"predecessor-version":[{"id":1411,"href":"http:\/\/www.ecoinea.org\/index.php\/wp-json\/wp\/v2\/posts\/38\/revisions\/1411"}],"wp:attachment":[{"href":"http:\/\/www.ecoinea.org\/index.php\/wp-json\/wp\/v2\/media?parent=38"}],"wp:term":[{"taxonomy":"category","embeddable":true,"href":"http:\/\/www.ecoinea.org\/index.php\/wp-json\/wp\/v2\/categories?post=38"},{"taxonomy":"post_tag","embeddable":true,"href":"http:\/\/www.ecoinea.org\/index.php\/wp-json\/wp\/v2\/tags?post=38"}],"curies":[{"name":"wp","href":"https:\/\/api.w.org\/{rel}","templated":true}]}}