{"id":381,"date":"2013-12-21T10:16:03","date_gmt":"2013-12-21T10:16:03","guid":{"rendered":"http:\/\/pai.inea.org\/?p=381"},"modified":"2018-06-14T08:15:55","modified_gmt":"2018-06-14T08:15:55","slug":"comienza-a-andar-el-proyecto-con-obra-social-la-caixa","status":"publish","type":"post","link":"http:\/\/www.ecoinea.org\/index.php\/2013\/12\/21\/comienza-a-andar-el-proyecto-con-obra-social-la-caixa\/","title":{"rendered":"COMIENZA A ANDAR EL PROYECTO CON OBRA SOCIAL LA CAIXA"},"content":{"rendered":"<p>En estos d\u00edas de Navidad comenzamos a caminar con el Proyecto de la Obra Social La Caixa: huertos infantiles para ni\u00f1os inmigrantes por un lado y Banco de alimentos frescos ecol\u00f3gicos por otro. Ya se est\u00e1n preparando los primeros huertos por el m\u00e9todo de Parades en Crestall con la ayuda de algunos voluntarios y t\u00e9cnicos de INEA. Tambi\u00e9n en tiempo de Navidad vamos a hacer la instalaci\u00f3n del puesto de recogida de alimentos del Banco de Alimentos Frescos.<\/p>\n<p>&nbsp;<\/p>\n<p><a href=\"http:\/\/www.ecoinea.org\/wp-content\/uploads\/2013\/12\/huertos-obra-social-la-caixa.jpg\"><img fetchpriority=\"high\" decoding=\"async\" class=\"aligncenter wp-image-392 size-full\" src=\"http:\/\/www.ecoinea.org\/wp-content\/uploads\/2013\/12\/huertos-obra-social-la-caixa.jpg\" alt=\"\" width=\"516\" height=\"291\" srcset=\"http:\/\/www.ecoinea.org\/wp-content\/uploads\/2013\/12\/huertos-obra-social-la-caixa.jpg 516w, http:\/\/www.ecoinea.org\/wp-content\/uploads\/2013\/12\/huertos-obra-social-la-caixa-300x169.jpg 300w\" sizes=\"(max-width: 516px) 100vw, 516px\" \/><\/a><\/p>\n","protected":false},"excerpt":{"rendered":"<p>En estos d\u00edas de Navidad comenzamos a caminar con el Proyecto de la Obra Social La Caixa: huertos infantiles para ni\u00f1os inmigrantes por un lado y Banco de alimentos frescos ecol\u00f3gicos por otro. Ya se est\u00e1n preparando los primeros huertos por el m\u00e9todo de Parades en Crestall con la ayuda de algunos voluntarios y t\u00e9cnicos &#8230; <a title=\"COMIENZA A ANDAR EL PROYECTO CON OBRA SOCIAL LA CAIXA\" class=\"read-more\" href=\"http:\/\/www.ecoinea.org\/index.php\/2013\/12\/21\/comienza-a-andar-el-proyecto-con-obra-social-la-caixa\/\">Leer m\u00e1s<span class=\"screen-reader-text\">COMIENZA A ANDAR EL PROYECTO CON OBRA SOCIAL LA CAIXA<\/span><\/a><\/p>\n","protected":false},"author":1,"featured_media":0,"comment_status":"closed","ping_status":"closed","sticky":false,"template":"","format":"standard","meta":{"footnotes":""},"categories":[81],"tags":[98,136],"_links":{"self":[{"href":"http:\/\/www.ecoinea.org\/index.php\/wp-json\/wp\/v2\/posts\/381"}],"collection":[{"href":"http:\/\/www.ecoinea.org\/index.php\/wp-json\/wp\/v2\/posts"}],"about":[{"href":"http:\/\/www.ecoinea.org\/index.php\/wp-json\/wp\/v2\/types\/post"}],"author":[{"embeddable":true,"href":"http:\/\/www.ecoinea.org\/index.php\/wp-json\/wp\/v2\/users\/1"}],"replies":[{"embeddable":true,"href":"http:\/\/www.ecoinea.org\/index.php\/wp-json\/wp\/v2\/comments?post=381"}],"version-history":[{"count":3,"href":"http:\/\/www.ecoinea.org\/index.php\/wp-json\/wp\/v2\/posts\/381\/revisions"}],"predecessor-version":[{"id":1810,"href":"http:\/\/www.ecoinea.org\/index.php\/wp-json\/wp\/v2\/posts\/381\/revisions\/1810"}],"wp:attachment":[{"href":"http:\/\/www.ecoinea.org\/index.php\/wp-json\/wp\/v2\/media?parent=381"}],"wp:term":[{"taxonomy":"category","embeddable":true,"href":"http:\/\/www.ecoinea.org\/index.php\/wp-json\/wp\/v2\/categories?post=381"},{"taxonomy":"post_tag","embeddable":true,"href":"http:\/\/www.ecoinea.org\/index.php\/wp-json\/wp\/v2\/tags?post=381"}],"curies":[{"name":"wp","href":"https:\/\/api.w.org\/{rel}","templated":true}]}}