{"id":3825,"date":"2022-03-07T14:51:51","date_gmt":"2022-03-07T12:51:51","guid":{"rendered":"http:\/\/www.ecoinea.org\/?p=3825"},"modified":"2022-03-07T14:56:06","modified_gmt":"2022-03-07T12:56:06","slug":"retiros-laudato-si-5-6-marzo-202","status":"publish","type":"post","link":"http:\/\/www.ecoinea.org\/index.php\/2022\/03\/07\/retiros-laudato-si-5-6-marzo-202\/","title":{"rendered":"Retiros Laudato SI\u00b4   5-6 Marzo 202"},"content":{"rendered":"\t\t<div data-elementor-type=\"wp-post\" data-elementor-id=\"3825\" class=\"elementor elementor-3825\">\n\t\t\t\t\t\t\t\t\t<section class=\"elementor-section elementor-top-section elementor-element elementor-element-bd987b2 elementor-section-boxed elementor-section-height-default elementor-section-height-default\" data-id=\"bd987b2\" data-element_type=\"section\">\n\t\t\t\t\t\t<div class=\"elementor-container elementor-column-gap-default\">\n\t\t\t\t\t<div class=\"elementor-column elementor-col-100 elementor-top-column elementor-element elementor-element-b731b6e\" data-id=\"b731b6e\" data-element_type=\"column\">\n\t\t\t<div class=\"elementor-widget-wrap elementor-element-populated\">\n\t\t\t\t\t\t\t\t<div class=\"elementor-element elementor-element-8076e71 elementor-widget elementor-widget-text-editor\" data-id=\"8076e71\" data-element_type=\"widget\" data-widget_type=\"text-editor.default\">\n\t\t\t\t<div class=\"elementor-widget-container\">\n\t\t\t\t\t\t\t<p>El d\u00eda 5 de Marzo hemos tenido un retiro Laudato SI\u00b4 con un grupo de estudiantes del Colegio del apostolado, acompa\u00f1ados por el Director David y la religiosa Kiseis. Hemos hecho el itinerario espiritual reflexionando sobre algunas realidades en torno a los huertos y ayudados por citas de la enc\u00edclica e historias de nuestros huertos. Hemos terminado con una celebraci\u00f3n en la capilla de la Comunidad.<\/p><p>Igualmente el d\u00eda 6 hemos recibido a una Comunidad Adsis. Diez personas que han querido dedicar la ma\u00f1ana del domingo a tener este encuentro con Dios en la Naturaleza, en los huertos y tambi\u00e9n a conocer la Comunidad de Ecolog\u00eda y Acogida Ana Leal.<\/p><p>A los dos grupos muchas gracias por compartir este rato con nosotros<\/p>\t\t\t\t\t\t<\/div>\n\t\t\t\t<\/div>\n\t\t\t\t\t<\/div>\n\t\t<\/div>\n\t\t\t\t\t\t\t<\/div>\n\t\t<\/section>\n\t\t\t\t<section class=\"elementor-section elementor-top-section elementor-element elementor-element-e7316ca elementor-section-boxed elementor-section-height-default elementor-section-height-default\" data-id=\"e7316ca\" data-element_type=\"section\">\n\t\t\t\t\t\t<div class=\"elementor-container elementor-column-gap-default\">\n\t\t\t\t\t<div class=\"elementor-column elementor-col-100 elementor-top-column elementor-element elementor-element-92fa3af\" data-id=\"92fa3af\" data-element_type=\"column\">\n\t\t\t<div class=\"elementor-widget-wrap elementor-element-populated\">\n\t\t\t\t\t\t\t\t<div class=\"elementor-element elementor-element-2979ceb elementor-widget elementor-widget-image\" data-id=\"2979ceb\" data-element_type=\"widget\" data-widget_type=\"image.default\">\n\t\t\t\t<div class=\"elementor-widget-container\">\n\t\t\t\t\t\t\t\t\t\t\t\t\t\t\t<img fetchpriority=\"high\" decoding=\"async\" width=\"1024\" height=\"767\" src=\"http:\/\/www.ecoinea.org\/wp-content\/uploads\/2022\/03\/WhatsApp-Image-2022-03-07-at-11.33.13-1024x767.jpeg\" class=\"attachment-large size-large wp-image-3826\" alt=\"\" srcset=\"http:\/\/www.ecoinea.org\/wp-content\/uploads\/2022\/03\/WhatsApp-Image-2022-03-07-at-11.33.13-1024x767.jpeg 1024w, http:\/\/www.ecoinea.org\/wp-content\/uploads\/2022\/03\/WhatsApp-Image-2022-03-07-at-11.33.13-300x225.jpeg 300w, http:\/\/www.ecoinea.org\/wp-content\/uploads\/2022\/03\/WhatsApp-Image-2022-03-07-at-11.33.13-768x575.jpeg 768w, http:\/\/www.ecoinea.org\/wp-content\/uploads\/2022\/03\/WhatsApp-Image-2022-03-07-at-11.33.13.jpeg 1440w\" sizes=\"(max-width: 1024px) 100vw, 1024px\" \/>\t\t\t\t\t\t\t\t\t\t\t\t\t\t\t<\/div>\n\t\t\t\t<\/div>\n\t\t\t\t\t<\/div>\n\t\t<\/div>\n\t\t\t\t\t\t\t<\/div>\n\t\t<\/section>\n\t\t\t\t<section class=\"elementor-section elementor-top-section elementor-element elementor-element-5bacb0d elementor-section-boxed elementor-section-height-default elementor-section-height-default\" data-id=\"5bacb0d\" data-element_type=\"section\">\n\t\t\t\t\t\t<div class=\"elementor-container elementor-column-gap-default\">\n\t\t\t\t\t<div class=\"elementor-column elementor-col-100 elementor-top-column elementor-element elementor-element-d896f7c\" data-id=\"d896f7c\" data-element_type=\"column\">\n\t\t\t<div class=\"elementor-widget-wrap elementor-element-populated\">\n\t\t\t\t\t\t\t\t<div class=\"elementor-element elementor-element-2139f34 elementor-widget elementor-widget-image\" data-id=\"2139f34\" data-element_type=\"widget\" data-widget_type=\"image.default\">\n\t\t\t\t<div class=\"elementor-widget-container\">\n\t\t\t\t\t\t\t\t\t\t\t\t\t\t\t<img decoding=\"async\" width=\"1024\" height=\"683\" src=\"http:\/\/www.ecoinea.org\/wp-content\/uploads\/2022\/03\/DSC_8764-1024x683.jpg\" class=\"attachment-large size-large wp-image-3827\" alt=\"\" srcset=\"http:\/\/www.ecoinea.org\/wp-content\/uploads\/2022\/03\/DSC_8764-1024x683.jpg 1024w, http:\/\/www.ecoinea.org\/wp-content\/uploads\/2022\/03\/DSC_8764-300x200.jpg 300w, http:\/\/www.ecoinea.org\/wp-content\/uploads\/2022\/03\/DSC_8764-768x512.jpg 768w\" sizes=\"(max-width: 1024px) 100vw, 1024px\" \/>\t\t\t\t\t\t\t\t\t\t\t\t\t\t\t<\/div>\n\t\t\t\t<\/div>\n\t\t\t\t\t<\/div>\n\t\t<\/div>\n\t\t\t\t\t\t\t<\/div>\n\t\t<\/section>\n\t\t\t\t\t\t\t<\/div>\n\t\t","protected":false},"excerpt":{"rendered":"<p>El d\u00eda 5 de Marzo hemos tenido un retiro Laudato SI\u00b4 con un grupo de estudiantes del Colegio del apostolado, acompa\u00f1ados por el Director David y la religiosa Kiseis. Hemos hecho el itinerario espiritual reflexionando sobre algunas realidades en torno a los huertos y ayudados por citas de la enc\u00edclica e historias de nuestros huertos. &#8230; <a title=\"Retiros Laudato SI\u00b4   5-6 Marzo 202\" class=\"read-more\" href=\"http:\/\/www.ecoinea.org\/index.php\/2022\/03\/07\/retiros-laudato-si-5-6-marzo-202\/\">Leer m\u00e1s<span class=\"screen-reader-text\">Retiros Laudato SI\u00b4   5-6 Marzo 202<\/span><\/a><\/p>\n","protected":false},"author":1,"featured_media":3826,"comment_status":"open","ping_status":"open","sticky":false,"template":"","format":"standard","meta":{"footnotes":""},"categories":[81,145],"tags":[],"_links":{"self":[{"href":"http:\/\/www.ecoinea.org\/index.php\/wp-json\/wp\/v2\/posts\/3825"}],"collection":[{"href":"http:\/\/www.ecoinea.org\/index.php\/wp-json\/wp\/v2\/posts"}],"about":[{"href":"http:\/\/www.ecoinea.org\/index.php\/wp-json\/wp\/v2\/types\/post"}],"author":[{"embeddable":true,"href":"http:\/\/www.ecoinea.org\/index.php\/wp-json\/wp\/v2\/users\/1"}],"replies":[{"embeddable":true,"href":"http:\/\/www.ecoinea.org\/index.php\/wp-json\/wp\/v2\/comments?post=3825"}],"version-history":[{"count":4,"href":"http:\/\/www.ecoinea.org\/index.php\/wp-json\/wp\/v2\/posts\/3825\/revisions"}],"predecessor-version":[{"id":3832,"href":"http:\/\/www.ecoinea.org\/index.php\/wp-json\/wp\/v2\/posts\/3825\/revisions\/3832"}],"wp:featuredmedia":[{"embeddable":true,"href":"http:\/\/www.ecoinea.org\/index.php\/wp-json\/wp\/v2\/media\/3826"}],"wp:attachment":[{"href":"http:\/\/www.ecoinea.org\/index.php\/wp-json\/wp\/v2\/media?parent=3825"}],"wp:term":[{"taxonomy":"category","embeddable":true,"href":"http:\/\/www.ecoinea.org\/index.php\/wp-json\/wp\/v2\/categories?post=3825"},{"taxonomy":"post_tag","embeddable":true,"href":"http:\/\/www.ecoinea.org\/index.php\/wp-json\/wp\/v2\/tags?post=3825"}],"curies":[{"name":"wp","href":"https:\/\/api.w.org\/{rel}","templated":true}]}}