{"id":387,"date":"2013-12-21T10:31:58","date_gmt":"2013-12-21T10:31:58","guid":{"rendered":"http:\/\/pai.inea.org\/?p=387"},"modified":"2018-06-14T08:15:04","modified_gmt":"2018-06-14T08:15:04","slug":"23-de-diciembre-comienza-a-funcionar-www-bioyantarb2b-com","status":"publish","type":"post","link":"http:\/\/www.ecoinea.org\/index.php\/2013\/12\/21\/23-de-diciembre-comienza-a-funcionar-www-bioyantarb2b-com\/","title":{"rendered":"23 de Diciembre comienza a funcionar www.bioyantarb2b.com"},"content":{"rendered":"<p>En v\u00edsperas de nochebuena echar a andar este proyecto digital bioyantar, un mercadillo virtual para los productores y elaboradores de productos ecol\u00f3gicos de Castilla y Le\u00f3n; una apuesta abierta a los mercados de compradores de nuestros productos ecol\u00f3gicos. a lo largo de Navidad y el mes de Enero lo veremos crecer y aumentar sus registros. El deseo es que este sea un espacio que ayude a comercializar desde el poder de las redes a todos los productores de nuestra tierra. La p\u00e1gina ofrece adem\u00e1s otros servicios a los usuarios que de momento son totalmente gratuitos <a href=\"http:\/\/www.bioyantar.com\/\" target=\"_blank\" rel=\"noopener\">http:\/\/www.bioyantar.com<\/a><\/p>\n<p><a href=\"http:\/\/www.ecoinea.org\/wp-content\/uploads\/2013\/12\/bioyantar.jpg\"><img decoding=\"async\" class=\"aligncenter wp-image-390 size-full\" src=\"http:\/\/www.ecoinea.org\/wp-content\/uploads\/2013\/12\/bioyantar.jpg\" alt=\"bioyantar\" width=\"160\" height=\"160\" srcset=\"http:\/\/www.ecoinea.org\/wp-content\/uploads\/2013\/12\/bioyantar.jpg 160w, http:\/\/www.ecoinea.org\/wp-content\/uploads\/2013\/12\/bioyantar-150x150.jpg 150w\" sizes=\"(max-width: 160px) 100vw, 160px\" \/><\/a><\/p>\n","protected":false},"excerpt":{"rendered":"<p>En v\u00edsperas de nochebuena echar a andar este proyecto digital bioyantar, un mercadillo virtual para los productores y elaboradores de productos ecol\u00f3gicos de Castilla y Le\u00f3n; una apuesta abierta a los mercados de compradores de nuestros productos ecol\u00f3gicos. a lo largo de Navidad y el mes de Enero lo veremos crecer y aumentar sus registros. &#8230; <a title=\"23 de Diciembre comienza a funcionar www.bioyantarb2b.com\" class=\"read-more\" href=\"http:\/\/www.ecoinea.org\/index.php\/2013\/12\/21\/23-de-diciembre-comienza-a-funcionar-www-bioyantarb2b-com\/\">Leer m\u00e1s<span class=\"screen-reader-text\">23 de Diciembre comienza a funcionar www.bioyantarb2b.com<\/span><\/a><\/p>\n","protected":false},"author":1,"featured_media":390,"comment_status":"closed","ping_status":"closed","sticky":false,"template":"","format":"standard","meta":{"footnotes":""},"categories":[81],"tags":[134,114],"_links":{"self":[{"href":"http:\/\/www.ecoinea.org\/index.php\/wp-json\/wp\/v2\/posts\/387"}],"collection":[{"href":"http:\/\/www.ecoinea.org\/index.php\/wp-json\/wp\/v2\/posts"}],"about":[{"href":"http:\/\/www.ecoinea.org\/index.php\/wp-json\/wp\/v2\/types\/post"}],"author":[{"embeddable":true,"href":"http:\/\/www.ecoinea.org\/index.php\/wp-json\/wp\/v2\/users\/1"}],"replies":[{"embeddable":true,"href":"http:\/\/www.ecoinea.org\/index.php\/wp-json\/wp\/v2\/comments?post=387"}],"version-history":[{"count":3,"href":"http:\/\/www.ecoinea.org\/index.php\/wp-json\/wp\/v2\/posts\/387\/revisions"}],"predecessor-version":[{"id":1942,"href":"http:\/\/www.ecoinea.org\/index.php\/wp-json\/wp\/v2\/posts\/387\/revisions\/1942"}],"wp:featuredmedia":[{"embeddable":true,"href":"http:\/\/www.ecoinea.org\/index.php\/wp-json\/wp\/v2\/media\/390"}],"wp:attachment":[{"href":"http:\/\/www.ecoinea.org\/index.php\/wp-json\/wp\/v2\/media?parent=387"}],"wp:term":[{"taxonomy":"category","embeddable":true,"href":"http:\/\/www.ecoinea.org\/index.php\/wp-json\/wp\/v2\/categories?post=387"},{"taxonomy":"post_tag","embeddable":true,"href":"http:\/\/www.ecoinea.org\/index.php\/wp-json\/wp\/v2\/tags?post=387"}],"curies":[{"name":"wp","href":"https:\/\/api.w.org\/{rel}","templated":true}]}}