{"id":3957,"date":"2022-03-13T13:18:52","date_gmt":"2022-03-13T11:18:52","guid":{"rendered":"http:\/\/www.ecoinea.org\/?p=3957"},"modified":"2022-03-14T12:34:11","modified_gmt":"2022-03-14T10:34:11","slug":"ucraniava-es","status":"publish","type":"post","link":"http:\/\/www.ecoinea.org\/index.php\/2022\/03\/13\/ucraniava-es\/","title":{"rendered":"UCRANIAVA.ES"},"content":{"rendered":"\t\t<div data-elementor-type=\"wp-post\" data-elementor-id=\"3957\" class=\"elementor elementor-3957\">\n\t\t\t\t\t\t\t\t\t<section class=\"elementor-section elementor-top-section elementor-element elementor-element-ef16833 elementor-section-boxed elementor-section-height-default elementor-section-height-default\" data-id=\"ef16833\" data-element_type=\"section\">\n\t\t\t\t\t\t<div class=\"elementor-container elementor-column-gap-default\">\n\t\t\t\t\t<div class=\"elementor-column elementor-col-100 elementor-top-column elementor-element elementor-element-d90b128\" data-id=\"d90b128\" data-element_type=\"column\">\n\t\t\t<div class=\"elementor-widget-wrap elementor-element-populated\">\n\t\t\t\t\t\t\t\t<div class=\"elementor-element elementor-element-d2203dc elementor-widget elementor-widget-heading\" data-id=\"d2203dc\" data-element_type=\"widget\" data-widget_type=\"heading.default\">\n\t\t\t\t<div class=\"elementor-widget-container\">\n\t\t\t<h2 class=\"elementor-heading-title elementor-size-default\">ECOINEA CON UCRANIAVA<\/h2>\t\t<\/div>\n\t\t\t\t<\/div>\n\t\t\t\t\t<\/div>\n\t\t<\/div>\n\t\t\t\t\t\t\t<\/div>\n\t\t<\/section>\n\t\t\t\t<section class=\"elementor-section elementor-top-section elementor-element elementor-element-e845f5c elementor-section-boxed elementor-section-height-default elementor-section-height-default\" data-id=\"e845f5c\" data-element_type=\"section\">\n\t\t\t\t\t\t<div class=\"elementor-container elementor-column-gap-default\">\n\t\t\t\t\t<div class=\"elementor-column elementor-col-100 elementor-top-column elementor-element elementor-element-1d41c24\" data-id=\"1d41c24\" data-element_type=\"column\">\n\t\t\t<div class=\"elementor-widget-wrap elementor-element-populated\">\n\t\t\t\t\t\t\t\t<div class=\"elementor-element elementor-element-dbf7fe5 elementor-widget elementor-widget-text-editor\" data-id=\"dbf7fe5\" data-element_type=\"widget\" data-widget_type=\"text-editor.default\">\n\t\t\t\t<div class=\"elementor-widget-container\">\n\t\t\t\t\t\t\t<h2 class=\"contentheading flexicontent\">COLABORA CON UCRANIA!!<\/h2><div class=\"lineinfo subtitle1\"><span class=\"element\"><span class=\"label field_created\">Fecha:\u00a0<\/span><span class=\"value field_created\">Domingo, 13 Marzo 2022<\/span><\/span><\/div><div class=\"topblock\"><div class=\"image field_field15\"><p><a id=\"mb1096_15_0\" class=\"mb\" href=\"https:\/\/inea.org\/images\/stories\/flexicontent\/l_screenshot_2022-03-13-12-09-18-923_com-android-chrome.jpg\"><img decoding=\"async\" src=\"https:\/\/inea.org\/images\/stories\/flexicontent\/m_screenshot_2022-03-13-12-09-18-923_com-android-chrome.jpg\" alt=\"COLABORA CON UCRANIA!!\" \/><\/a><\/p><div class=\"multiBoxDesc mb1096_15_0\">\u00a0<\/div><div class=\"clear\">\u00a0<\/div><\/div><\/div><div class=\"description\"><div class=\"desc-content\"><p>Ecoinea se suma a la campa\u00f1a ucraniava.es<\/p><div>En Valladolid hemos creado una plataforma en torno a la Compa\u00f1\u00eda de Jes\u00fas en la que participamos todas las obras,\u00a0 instituciones, tanto\u00a0propias como amigas: Colegios, INEA, Colegio Mayor, red \u00cdncola, CVX, etc. etc. Estaremos coordinados con C\u00e1ritas y el arzobispado de Valladolid.<\/div><div><p>En torno a esto hemos puesto en marcha una p\u00e1gina web hecha por la Oficina Digital cuya direcci\u00f3n es\u00a0<b><span style=\"color: #ff0000;\"><a href=\"http:\/\/www.ucraniava.es\/\" target=\"_blank\" rel=\"noopener\" data-saferedirecturl=\"https:\/\/www.google.com\/url?q=http:\/\/www.ucraniava.es&amp;source=gmail&amp;ust=1647255904344000&amp;usg=AOvVaw17EviRr_NRMRP2CzfinXm2\">www.ucraniava.es<\/a>\u00a0 (VISITADLA POR FAVOR)<\/span><\/b><\/p><div><div dir=\"ltr\" data-smartmail=\"gmail_signature\"><div dir=\"ltr\"><div dir=\"ltr\"><div dir=\"ltr\"><div dir=\"ltr\"><div dir=\"ltr\"><div dir=\"ltr\"><div dir=\"ltr\"><div dir=\"ltr\"><div dir=\"ltr\"><div dir=\"ltr\"><div dir=\"ltr\"><div>\u00a0<\/div><div>Ah\u00ed ver\u00e9is que ofrecemos\u00a0<b><u>tres modos concretos de colaborar<\/u><\/b><\/div><div>\u00a0<\/div><div><b>1.- Donar dinero.\u00a0<\/b>Es lo que m\u00e1s se necesita en este momento.<b>\u00a0<\/b>Se puede donar directamente a una cuenta que hemos puesto de Red \u00cdncola (yo creo que es lo mejor) y a otras cuentas vinculadas\u00a0 con nosotros como son Entreculturas y Servicio Jesuita a Refugiados (JRS). Lo que se reciba en la cuenta de red \u00cdncola servir\u00e1 para cubrir algunos\u00a0gastos de refugiados en nuestra ciudad y entorno y el resto, que ser\u00e1 la mayor\u00eda,<b> lo enviaremos a ENTRECULTURAS-JRS a la frontera con Ucrania y a la misma Ucrania\u00a0<\/b>donde hay 11 jesuitas trabajando solidariamente con la poblaci\u00f3n.\u00a0<span style=\"color: #ff0000;\"><a href=\"https:\/\/infosj.es\/noticias\/18677-los-jesuitas-de-polonia-y-ucrania-acogen-a-los-refugiados-ucranianos\" target=\"_blank\" rel=\"noopener\" data-saferedirecturl=\"https:\/\/www.google.com\/url?q=https:\/\/infosj.es\/noticias\/18677-los-jesuitas-de-polonia-y-ucrania-acogen-a-los-refugiados-ucranianos&amp;source=gmail&amp;ust=1647255904344000&amp;usg=AOvVaw0bsupBpkrgYKLj6tDDdnht\">https:\/\/infosj.es\/<wbr \/>noticias\/18677-los-jesuitas-<wbr \/>de-polonia-y-ucrania-acogen-a-<wbr \/>los-refugiados-ucranianos<\/a><\/span><\/div><div>\u00a0<\/div><div><span style=\"color: #000000;\">Es importante recordar que las donaciones\u00a0<b>DESGRAVAN<\/b>\u00a0en cantidades importantes.<\/span><\/div><div><span style=\"color: #000000;\">Si hac\u00e9is la donaci\u00f3n a la cuenta de Red \u00cdncola que viene en la web recordar:\u00a0<\/span> En el Irpf la desgravaci\u00f3n es as\u00ed: los primeros 150\u20ac el 80%. A partir de ah\u00ed el 40% si durante los \u00faltimos 4 a\u00f1os ha donado a la misma entidad importes iguales o superiores al del a\u00f1o anterior. Si no es as\u00ed, el porcentaje es el 35%. Adem\u00e1s, si el donante es residente en Castilla y Le\u00f3n hay una deducci\u00f3n adicional del 15%.\u00a0 Es decir, si es vuestra primera donaci\u00f3n y por ejemplo dais 150 euros, en realidad est\u00e1is aportando 30 euros pues el resto lo recuperamos en la declaraci\u00f3n de la Renta. Y, sinceramente \u00bfqui\u00e9n no quiere aportar 30 euros a esta causa? Si la donaci\u00f3n es mayor ya veis que tambi\u00e9n se recupera una parte importante.<\/div><div>\u00a0<\/div><div>Para que podamos emitir el certificado y que desgrav\u00e9is deb\u00e9is hacernos llegar:\u00a0<u> nombre y apellidos, Nif y direcci\u00f3n. Si nos dais el email mejor. Pod\u00e9is enviar los datos de vuestra donaci\u00f3n e identificaci\u00f3n a\u00a0<b><a href=\"mailto:socios@redincola.org\" target=\"_blank\" rel=\"noopener\">socios@redincola.org<\/a><\/b><\/u><\/div><div><b>En el concepto de la donaci\u00f3n indicad lo que pone en la web o directamente campa\u00f1a ucraniava<\/b><\/div><div><h3>Banco: Santander<br \/>IBAN: ES92 0049 5450 0229 1627 1781<br \/>Beneficiario: Red \u00cdncola<\/h3><\/div><div>\u00a0<\/div><div><b>Si despu\u00e9s de que termine el conflicto sobra dinero se enviar\u00e1 al SERVICIO JESUITA A REFUGIADOS PARA ATENDER\u00a0OTRAS CRISIS HUMANITARIAS<\/b><\/div><div><b><span style=\"font-size: large;\">2.- Acoger<\/span><\/b><\/div><div>Si, como alguno ha indicado, tiene sitios para acoger en su propia casa o en otra,\u00a0 bien habitaciones, , bien apartamento&#8230; y quiere hacer un proceso de acogida temporal (que puede cifrarse en meses&#8230;) Os rogamos rellen\u00e9is la ficha que viene en ese apartado en la web. Ah\u00ed vienen todas las cosas que deb\u00e9is tener en cuenta antes de lanzaros a un proceso de este tipo. No sabemos si tendremos que hacer uso de este recurso pues el Estado es el primer responsable de este tema, pero queremos estar listos por si acaso la necesidad supera la capacidad del estado. En este sentido queremos tener UNA BASE DE DATOS DE LA QUE PODER HACER USO. Tambi\u00e9n se incluyen lugares de instituciones religiosas, etc. Nunca vais a acoger solos, vais a tener siempre nuestro apoyo, asesor\u00eda, ayuda econ\u00f3mica si es necesario, etc.<\/div><div>\u00a0<\/div><div><span style=\"font-size: large;\"><b>3.- Acompa\u00f1ar<\/b><\/span><\/div><div>Se van a necesitar personas voluntarias para acompa\u00f1ar a los refugiad@s: ense\u00f1ar idioma, acompa\u00f1ar al m\u00e9dico, dar conversaci\u00f3n, un abrazo, cuidar a ni\u00f1os, ayudar a hacer papeles, a encontrar trabajo&#8230; Ser\u00e1 bueno tambi\u00e9n tener ese &#8220;ej\u00e9rcito de paz solidario&#8221; para poder echar mano de \u00e9l en caso de necesidad. Tambi\u00e9n encontr\u00e1is en la web el modo de hacerlo.<\/div><div>\u00a0<\/div><div>\u00a0<\/div><div>DE MOMENTO NO RECOGEMOS NI ALIMENTOS NI ENSERES, PUES ESTO EXIGE UNA ORGANIZACI\u00d3N QUE AHORA MISMO NO TENEMOS y es mejor comprar aquello que se necesita en concreto en el sitio donde se necesita.<\/div><div>\u00a0<\/div><div>De todos modos para la gente de\u00a0<b>Valladolid\u00a0<\/b>y entorno EL\u00a0<b>PR\u00d3XIMO JUEVES, D\u00cdA 17 DE MARZO A LAS 19,30 EN EL SAL\u00d3N DE ACTOS DEL COLEGIO\u00a0MAYOR MEN\u00c9NDEZ PELAYO<\/b>, VAMOS A EXPLICAR CON DETALLE LA CAMPA\u00d1A, MODOS Y FORMAS PARA QUE NADIE QUEDE CON DUDAS Y EST\u00c1IS\u00a0 INVITADOS A ACERCAROS E INFORMAROS SIN NING\u00daN COMPROMISO.<\/div><div>\u00a0<\/div><div>\u00a0<\/div><div><span style=\"color: #ff0000; font-size: large;\"><b>Y MUY MUY IMPORTANTE. DIFUNDID ESTA INICIATIVA ENTRE CONTACTOS, ALUMNOS, COMPA\u00d1EROS, AMISTADES Y FAMILIA PARA QUE CREZCA ESTA RED SOLIDARIA<\/b><\/span><\/div><\/div><\/div><\/div><\/div><\/div><\/div><\/div><\/div><\/div><\/div><\/div><\/div><\/div><\/div><\/div><\/div>\t\t\t\t\t\t<\/div>\n\t\t\t\t<\/div>\n\t\t\t\t\t<\/div>\n\t\t<\/div>\n\t\t\t\t\t\t\t<\/div>\n\t\t<\/section>\n\t\t\t\t<section class=\"elementor-section elementor-top-section elementor-element elementor-element-0e66aa3 elementor-section-boxed elementor-section-height-default elementor-section-height-default\" data-id=\"0e66aa3\" data-element_type=\"section\">\n\t\t\t\t\t\t<div class=\"elementor-container elementor-column-gap-default\">\n\t\t\t\t\t<div class=\"elementor-column elementor-col-100 elementor-top-column elementor-element elementor-element-0e36ac2\" data-id=\"0e36ac2\" data-element_type=\"column\">\n\t\t\t<div class=\"elementor-widget-wrap elementor-element-populated\">\n\t\t\t\t\t\t\t\t<div class=\"elementor-element elementor-element-045db20 elementor-widget elementor-widget-image\" data-id=\"045db20\" data-element_type=\"widget\" data-widget_type=\"image.default\">\n\t\t\t\t<div class=\"elementor-widget-container\">\n\t\t\t\t\t\t\t\t\t\t\t\t\t\t\t<img fetchpriority=\"high\" decoding=\"async\" width=\"1024\" height=\"768\" src=\"http:\/\/www.ecoinea.org\/wp-content\/uploads\/2022\/03\/2022-03-08_ukraine_ph04-1024x768.jpg\" class=\"attachment-large size-large wp-image-3959\" alt=\"\" srcset=\"http:\/\/www.ecoinea.org\/wp-content\/uploads\/2022\/03\/2022-03-08_ukraine_ph04-1024x768.jpg 1024w, http:\/\/www.ecoinea.org\/wp-content\/uploads\/2022\/03\/2022-03-08_ukraine_ph04-300x225.jpg 300w, http:\/\/www.ecoinea.org\/wp-content\/uploads\/2022\/03\/2022-03-08_ukraine_ph04-768x576.jpg 768w, http:\/\/www.ecoinea.org\/wp-content\/uploads\/2022\/03\/2022-03-08_ukraine_ph04.jpg 1200w\" sizes=\"(max-width: 1024px) 100vw, 1024px\" \/>\t\t\t\t\t\t\t\t\t\t\t\t\t\t\t<\/div>\n\t\t\t\t<\/div>\n\t\t\t\t\t<\/div>\n\t\t<\/div>\n\t\t\t\t\t\t\t<\/div>\n\t\t<\/section>\n\t\t\t\t\t\t\t<\/div>\n\t\t","protected":false},"excerpt":{"rendered":"<p>Campa\u00f1a de solidaridad con Ucrania desde Jesuitas Valladolis<\/p>\n","protected":false},"author":1,"featured_media":3961,"comment_status":"open","ping_status":"open","sticky":false,"template":"","format":"standard","meta":{"footnotes":""},"categories":[84,81,145],"tags":[],"_links":{"self":[{"href":"http:\/\/www.ecoinea.org\/index.php\/wp-json\/wp\/v2\/posts\/3957"}],"collection":[{"href":"http:\/\/www.ecoinea.org\/index.php\/wp-json\/wp\/v2\/posts"}],"about":[{"href":"http:\/\/www.ecoinea.org\/index.php\/wp-json\/wp\/v2\/types\/post"}],"author":[{"embeddable":true,"href":"http:\/\/www.ecoinea.org\/index.php\/wp-json\/wp\/v2\/users\/1"}],"replies":[{"embeddable":true,"href":"http:\/\/www.ecoinea.org\/index.php\/wp-json\/wp\/v2\/comments?post=3957"}],"version-history":[{"count":10,"href":"http:\/\/www.ecoinea.org\/index.php\/wp-json\/wp\/v2\/posts\/3957\/revisions"}],"predecessor-version":[{"id":3983,"href":"http:\/\/www.ecoinea.org\/index.php\/wp-json\/wp\/v2\/posts\/3957\/revisions\/3983"}],"wp:featuredmedia":[{"embeddable":true,"href":"http:\/\/www.ecoinea.org\/index.php\/wp-json\/wp\/v2\/media\/3961"}],"wp:attachment":[{"href":"http:\/\/www.ecoinea.org\/index.php\/wp-json\/wp\/v2\/media?parent=3957"}],"wp:term":[{"taxonomy":"category","embeddable":true,"href":"http:\/\/www.ecoinea.org\/index.php\/wp-json\/wp\/v2\/categories?post=3957"},{"taxonomy":"post_tag","embeddable":true,"href":"http:\/\/www.ecoinea.org\/index.php\/wp-json\/wp\/v2\/tags?post=3957"}],"curies":[{"name":"wp","href":"https:\/\/api.w.org\/{rel}","templated":true}]}}