{"id":398,"date":"2014-03-29T15:45:42","date_gmt":"2014-03-29T15:45:42","guid":{"rendered":"http:\/\/pai.inea.org\/?p=398"},"modified":"2018-06-14T08:03:18","modified_gmt":"2018-06-14T08:03:18","slug":"dos-convocatorias-para-la-vida-espiritual","status":"publish","type":"post","link":"http:\/\/www.ecoinea.org\/index.php\/2014\/03\/29\/dos-convocatorias-para-la-vida-espiritual\/","title":{"rendered":"Dos convocatorias para la vida espiritual"},"content":{"rendered":"<p>Para Semana Santa hay convocada la celebraci\u00f3n de una Ecopascua en Las Cortas de Blas.<\/p>\n<p>Pensada para personas entre los 25 y 40 a\u00f1os con o sin obligaciones familiares. El contacto en padymiranda@gmail.com.<\/p>\n<p>Y para verano de nuevo est\u00e1 convocada la semana de Vida religiosas y ecolog\u00eda. pensada para religiosos y religiosas que quieran dedicar unos d\u00edas a reflexionar sobre las relaciones entre nuestro compromiso cristiano como religiosos y la creaci\u00f3n, el medio ambiente, la ecolog\u00eda&#8230;.<\/p>\n<p>M\u00e1s informaci\u00f3n en jeiza@biotropia.net<\/p>\n","protected":false},"excerpt":{"rendered":"<p>Para Semana Santa hay convocada la celebraci\u00f3n de una Ecopascua en Las Cortas de Blas. Pensada para personas entre los 25 y 40 a\u00f1os con o sin obligaciones familiares. El contacto en padymiranda@gmail.com. Y para verano de nuevo est\u00e1 convocada la semana de Vida religiosas y ecolog\u00eda. pensada para religiosos y religiosas que quieran dedicar &#8230; <a title=\"Dos convocatorias para la vida espiritual\" class=\"read-more\" href=\"http:\/\/www.ecoinea.org\/index.php\/2014\/03\/29\/dos-convocatorias-para-la-vida-espiritual\/\">Leer m\u00e1s<span class=\"screen-reader-text\">Dos convocatorias para la vida espiritual<\/span><\/a><\/p>\n","protected":false},"author":1,"featured_media":0,"comment_status":"closed","ping_status":"closed","sticky":false,"template":"","format":"standard","meta":{"footnotes":""},"categories":[84,81],"tags":[78,106],"_links":{"self":[{"href":"http:\/\/www.ecoinea.org\/index.php\/wp-json\/wp\/v2\/posts\/398"}],"collection":[{"href":"http:\/\/www.ecoinea.org\/index.php\/wp-json\/wp\/v2\/posts"}],"about":[{"href":"http:\/\/www.ecoinea.org\/index.php\/wp-json\/wp\/v2\/types\/post"}],"author":[{"embeddable":true,"href":"http:\/\/www.ecoinea.org\/index.php\/wp-json\/wp\/v2\/users\/1"}],"replies":[{"embeddable":true,"href":"http:\/\/www.ecoinea.org\/index.php\/wp-json\/wp\/v2\/comments?post=398"}],"version-history":[{"count":2,"href":"http:\/\/www.ecoinea.org\/index.php\/wp-json\/wp\/v2\/posts\/398\/revisions"}],"predecessor-version":[{"id":1935,"href":"http:\/\/www.ecoinea.org\/index.php\/wp-json\/wp\/v2\/posts\/398\/revisions\/1935"}],"wp:attachment":[{"href":"http:\/\/www.ecoinea.org\/index.php\/wp-json\/wp\/v2\/media?parent=398"}],"wp:term":[{"taxonomy":"category","embeddable":true,"href":"http:\/\/www.ecoinea.org\/index.php\/wp-json\/wp\/v2\/categories?post=398"},{"taxonomy":"post_tag","embeddable":true,"href":"http:\/\/www.ecoinea.org\/index.php\/wp-json\/wp\/v2\/tags?post=398"}],"curies":[{"name":"wp","href":"https:\/\/api.w.org\/{rel}","templated":true}]}}