{"id":3992,"date":"2022-03-24T09:32:01","date_gmt":"2022-03-24T07:32:01","guid":{"rendered":"http:\/\/www.ecoinea.org\/?p=3992"},"modified":"2022-03-24T09:45:24","modified_gmt":"2022-03-24T07:45:24","slug":"formaciones-en-acogida-y-ecologia","status":"publish","type":"post","link":"http:\/\/www.ecoinea.org\/index.php\/2022\/03\/24\/formaciones-en-acogida-y-ecologia\/","title":{"rendered":"Formaciones en Acogida y Ecolog\u00eda"},"content":{"rendered":"\t\t<div data-elementor-type=\"wp-post\" data-elementor-id=\"3992\" class=\"elementor elementor-3992\">\n\t\t\t\t\t\t\t\t\t<section class=\"elementor-section elementor-top-section elementor-element elementor-element-d417574 elementor-section-boxed elementor-section-height-default elementor-section-height-default\" data-id=\"d417574\" data-element_type=\"section\">\n\t\t\t\t\t\t<div class=\"elementor-container elementor-column-gap-default\">\n\t\t\t\t\t<div class=\"elementor-column elementor-col-100 elementor-top-column elementor-element elementor-element-61d7452\" data-id=\"61d7452\" data-element_type=\"column\">\n\t\t\t<div class=\"elementor-widget-wrap elementor-element-populated\">\n\t\t\t\t\t\t\t\t<div class=\"elementor-element elementor-element-c5d0d4e elementor-widget elementor-widget-heading\" data-id=\"c5d0d4e\" data-element_type=\"widget\" data-widget_type=\"heading.default\">\n\t\t\t\t<div class=\"elementor-widget-container\">\n\t\t\t<h2 class=\"elementor-heading-title elementor-size-default\">Con qui\u00e9nes hemos compartido febrero-Marzo 2022<\/h2>\t\t<\/div>\n\t\t\t\t<\/div>\n\t\t\t\t\t<\/div>\n\t\t<\/div>\n\t\t\t\t\t\t\t<\/div>\n\t\t<\/section>\n\t\t\t\t<section class=\"elementor-section elementor-top-section elementor-element elementor-element-aab8141 elementor-section-boxed elementor-section-height-default elementor-section-height-default\" data-id=\"aab8141\" data-element_type=\"section\">\n\t\t\t\t\t\t<div class=\"elementor-container elementor-column-gap-default\">\n\t\t\t\t\t<div class=\"elementor-column elementor-col-100 elementor-top-column elementor-element elementor-element-273be69\" data-id=\"273be69\" data-element_type=\"column\">\n\t\t\t<div class=\"elementor-widget-wrap elementor-element-populated\">\n\t\t\t\t\t\t\t\t<div class=\"elementor-element elementor-element-770edff elementor-widget elementor-widget-text-editor\" data-id=\"770edff\" data-element_type=\"widget\" data-widget_type=\"text-editor.default\">\n\t\t\t\t<div class=\"elementor-widget-container\">\n\t\t\t\t\t\t\t<p>En este Enero- Marzo de 2022 hemos ido teniendo encuentros en la Comunidad con la Plataforma Apost\u00f3lica Jesuita de Madrid y con la del Noroeste de Espa\u00f1a. Tambi\u00e9n hemos recibido dos grupos de trabajadores de Alboan y Entreculturas. Todo ello en torno al cuidado de la casa com\u00fan centrados en la Laudato Si\u00b4 y en la Cuarta Preferencia Apost\u00f3lica de la Compa\u00f1\u00eda de Jes\u00fas. En medio de las dificultades por las que pasa el mundo seguimos teniendo una palabra de compromiso y esperanza. La Enc\u00edclica es un pozo del que beber agua limpia\u00a0 para afrontar los grandes retos socioambientales que tenemos delante<\/p>\t\t\t\t\t\t<\/div>\n\t\t\t\t<\/div>\n\t\t\t\t\t<\/div>\n\t\t<\/div>\n\t\t\t\t\t\t\t<\/div>\n\t\t<\/section>\n\t\t\t\t<section class=\"elementor-section elementor-top-section elementor-element elementor-element-611c686 elementor-section-boxed elementor-section-height-default elementor-section-height-default\" data-id=\"611c686\" data-element_type=\"section\">\n\t\t\t\t\t\t<div class=\"elementor-container elementor-column-gap-default\">\n\t\t\t\t\t<div class=\"elementor-column elementor-col-100 elementor-top-column elementor-element elementor-element-4109c2a\" data-id=\"4109c2a\" data-element_type=\"column\">\n\t\t\t<div class=\"elementor-widget-wrap elementor-element-populated\">\n\t\t\t\t\t\t\t\t<div class=\"elementor-element elementor-element-2a88b01 elementor-widget elementor-widget-image\" data-id=\"2a88b01\" data-element_type=\"widget\" data-widget_type=\"image.default\">\n\t\t\t\t<div class=\"elementor-widget-container\">\n\t\t\t\t\t\t\t\t\t\t\t\t\t\t\t<img fetchpriority=\"high\" decoding=\"async\" width=\"1024\" height=\"767\" src=\"http:\/\/www.ecoinea.org\/wp-content\/uploads\/2022\/03\/plataforma-madrid-1024x767.jpg\" class=\"attachment-large size-large wp-image-3998\" alt=\"\" srcset=\"http:\/\/www.ecoinea.org\/wp-content\/uploads\/2022\/03\/plataforma-madrid-1024x767.jpg 1024w, http:\/\/www.ecoinea.org\/wp-content\/uploads\/2022\/03\/plataforma-madrid-300x225.jpg 300w, http:\/\/www.ecoinea.org\/wp-content\/uploads\/2022\/03\/plataforma-madrid-768x575.jpg 768w, http:\/\/www.ecoinea.org\/wp-content\/uploads\/2022\/03\/plataforma-madrid.jpg 1440w\" sizes=\"(max-width: 1024px) 100vw, 1024px\" \/>\t\t\t\t\t\t\t\t\t\t\t\t\t\t\t<\/div>\n\t\t\t\t<\/div>\n\t\t\t\t\t<\/div>\n\t\t<\/div>\n\t\t\t\t\t\t\t<\/div>\n\t\t<\/section>\n\t\t\t\t\t\t\t<\/div>\n\t\t","protected":false},"excerpt":{"rendered":"<p>Con qui\u00e9nes hemos compartido febrero-Marzo 2022 En este Enero- Marzo de 2022 hemos ido teniendo encuentros en la Comunidad con la Plataforma Apost\u00f3lica Jesuita de Madrid y con la del Noroeste de Espa\u00f1a. Tambi\u00e9n hemos recibido dos grupos de trabajadores de Alboan y Entreculturas. Todo ello en torno al cuidado de la casa com\u00fan centrados &#8230; <a title=\"Formaciones en Acogida y Ecolog\u00eda\" class=\"read-more\" href=\"http:\/\/www.ecoinea.org\/index.php\/2022\/03\/24\/formaciones-en-acogida-y-ecologia\/\">Leer m\u00e1s<span class=\"screen-reader-text\">Formaciones en Acogida y Ecolog\u00eda<\/span><\/a><\/p>\n","protected":false},"author":1,"featured_media":3999,"comment_status":"open","ping_status":"open","sticky":false,"template":"","format":"standard","meta":{"footnotes":""},"categories":[81,145],"tags":[],"_links":{"self":[{"href":"http:\/\/www.ecoinea.org\/index.php\/wp-json\/wp\/v2\/posts\/3992"}],"collection":[{"href":"http:\/\/www.ecoinea.org\/index.php\/wp-json\/wp\/v2\/posts"}],"about":[{"href":"http:\/\/www.ecoinea.org\/index.php\/wp-json\/wp\/v2\/types\/post"}],"author":[{"embeddable":true,"href":"http:\/\/www.ecoinea.org\/index.php\/wp-json\/wp\/v2\/users\/1"}],"replies":[{"embeddable":true,"href":"http:\/\/www.ecoinea.org\/index.php\/wp-json\/wp\/v2\/comments?post=3992"}],"version-history":[{"count":8,"href":"http:\/\/www.ecoinea.org\/index.php\/wp-json\/wp\/v2\/posts\/3992\/revisions"}],"predecessor-version":[{"id":4004,"href":"http:\/\/www.ecoinea.org\/index.php\/wp-json\/wp\/v2\/posts\/3992\/revisions\/4004"}],"wp:featuredmedia":[{"embeddable":true,"href":"http:\/\/www.ecoinea.org\/index.php\/wp-json\/wp\/v2\/media\/3999"}],"wp:attachment":[{"href":"http:\/\/www.ecoinea.org\/index.php\/wp-json\/wp\/v2\/media?parent=3992"}],"wp:term":[{"taxonomy":"category","embeddable":true,"href":"http:\/\/www.ecoinea.org\/index.php\/wp-json\/wp\/v2\/categories?post=3992"},{"taxonomy":"post_tag","embeddable":true,"href":"http:\/\/www.ecoinea.org\/index.php\/wp-json\/wp\/v2\/tags?post=3992"}],"curies":[{"name":"wp","href":"https:\/\/api.w.org\/{rel}","templated":true}]}}