{"id":403,"date":"2014-03-29T16:04:08","date_gmt":"2014-03-29T16:04:08","guid":{"rendered":"http:\/\/pai.inea.org\/?p=403"},"modified":"2018-06-14T07:59:55","modified_gmt":"2018-06-14T07:59:55","slug":"convocada-la-feria-de-bioyantar","status":"publish","type":"post","link":"http:\/\/www.ecoinea.org\/index.php\/2014\/03\/29\/convocada-la-feria-de-bioyantar\/","title":{"rendered":"CONVOCADA LA FERIA DE BIOYANTAR"},"content":{"rendered":"<p>14 y 15 de Junio en la C\u00fapula del Milenio. Ah\u00ed vamos a celebrar la II Feria Bioyantar sobre Agroecolog\u00eda y Comercio Justo. All\u00ed est\u00e1n convocados todos los expositores y entidades interesadas en estar presentes en la feria. All\u00ed vamos a pasar dos d\u00edas de encuentro, formaci\u00f3n, fiesta&#8230;<\/p>\n<p>para informarte y solicitar tu puesto&#8230;.. en <a href=\"http:\/\/www.bioyantar.com\/\" target=\"_blank\" rel=\"noopener\">www.bioyantar.com<\/a><\/p>\n<p>&nbsp;<\/p>\n","protected":false},"excerpt":{"rendered":"<p>14 y 15 de Junio en la C\u00fapula del Milenio. Ah\u00ed vamos a celebrar la II Feria Bioyantar sobre Agroecolog\u00eda y Comercio Justo. All\u00ed est\u00e1n convocados todos los expositores y entidades interesadas en estar presentes en la feria. All\u00ed vamos a pasar dos d\u00edas de encuentro, formaci\u00f3n, fiesta&#8230; para informarte y solicitar tu puesto&#8230;.. en &#8230; <a title=\"CONVOCADA LA FERIA DE BIOYANTAR\" class=\"read-more\" href=\"http:\/\/www.ecoinea.org\/index.php\/2014\/03\/29\/convocada-la-feria-de-bioyantar\/\">Leer m\u00e1s<span class=\"screen-reader-text\">CONVOCADA LA FERIA DE BIOYANTAR<\/span><\/a><\/p>\n","protected":false},"author":1,"featured_media":0,"comment_status":"closed","ping_status":"closed","sticky":false,"template":"","format":"standard","meta":{"footnotes":""},"categories":[81],"tags":[134,132],"_links":{"self":[{"href":"http:\/\/www.ecoinea.org\/index.php\/wp-json\/wp\/v2\/posts\/403"}],"collection":[{"href":"http:\/\/www.ecoinea.org\/index.php\/wp-json\/wp\/v2\/posts"}],"about":[{"href":"http:\/\/www.ecoinea.org\/index.php\/wp-json\/wp\/v2\/types\/post"}],"author":[{"embeddable":true,"href":"http:\/\/www.ecoinea.org\/index.php\/wp-json\/wp\/v2\/users\/1"}],"replies":[{"embeddable":true,"href":"http:\/\/www.ecoinea.org\/index.php\/wp-json\/wp\/v2\/comments?post=403"}],"version-history":[{"count":1,"href":"http:\/\/www.ecoinea.org\/index.php\/wp-json\/wp\/v2\/posts\/403\/revisions"}],"predecessor-version":[{"id":1357,"href":"http:\/\/www.ecoinea.org\/index.php\/wp-json\/wp\/v2\/posts\/403\/revisions\/1357"}],"wp:attachment":[{"href":"http:\/\/www.ecoinea.org\/index.php\/wp-json\/wp\/v2\/media?parent=403"}],"wp:term":[{"taxonomy":"category","embeddable":true,"href":"http:\/\/www.ecoinea.org\/index.php\/wp-json\/wp\/v2\/categories?post=403"},{"taxonomy":"post_tag","embeddable":true,"href":"http:\/\/www.ecoinea.org\/index.php\/wp-json\/wp\/v2\/tags?post=403"}],"curies":[{"name":"wp","href":"https:\/\/api.w.org\/{rel}","templated":true}]}}