{"id":4068,"date":"2022-05-23T08:58:20","date_gmt":"2022-05-23T06:58:20","guid":{"rendered":"http:\/\/www.ecoinea.org\/?p=4068"},"modified":"2022-05-23T09:00:48","modified_gmt":"2022-05-23T07:00:48","slug":"semana-laudato-si","status":"publish","type":"post","link":"http:\/\/www.ecoinea.org\/index.php\/2022\/05\/23\/semana-laudato-si\/","title":{"rendered":"SEMANA LAUDATO SI\u00b4"},"content":{"rendered":"\n<p>Del 22 al 29 de Mayo celebramos la semana laudato Si\u00b4.&nbsp; Desde El Papa Francisco al \u00faltimo cristiano en el lugar m\u00e1s rec\u00f3ndito vamos a concentrar nuestras fuerzas en reflexi\u00f3n y acci\u00f3n por el Cuidado de la Casa Com\u00fan. Hay miles de actividades programadas en todo el mundo. Y el domingo 22 el Papa Francisco inaugur\u00f3 esta semana. La Laudato Si\u00b4&nbsp; cobra cada minuto que pasa mas relevancia en la actualidad pues el reto ambiental no deja de ser el mayor reto que tenemos entre manos los seres humanos. <\/p>\n\n\n\n<p><a href=\"https:\/\/laudatosiweek.org\/es\/events-es\/\">\u00daNETE A LA SEMANA LAUDATO SI\u00b4EN ESTE ENLACE<\/a><\/p>\n\n\n\n<p><\/p>\n\n\n\n<p>PROGRAMA GENERAL<\/p>\n\n\n\n<p><strong>DOMINGO 22 DE MAYO<\/strong><\/p>\n\n\n\n<p><br><em><strong>12:00 CEST \u00c1ngelus dominical del Papa Francisco<\/strong><\/em><\/p>\n\n\n\n<p><em><strong>15:00 CEST Encuentro de oraci\u00f3n desde Uganda<\/strong><\/em><\/p>\n\n\n\n<p>Mientras las compa\u00f1\u00edas petroleras siguen adelante con la construcci\u00f3n del oleoducto de \u00c1frica Oriental y la destrucci\u00f3n de la creaci\u00f3n, los ugandeses celebrar\u00e1n una Misa Laudato Si&#8217;, restaurar\u00e1n la creaci\u00f3n plantando crisoles y escuchar\u00e1n el clamor de la Tierra.<\/p>\n\n\n\n<p><strong>LUNES 23 DE MAYO<\/strong><\/p>\n\n\n\n<p><em><strong>10:00 CEST No m\u00e1s colapso de la biodiversidad: Reequilibrar los sistemas sociales con la naturaleza<\/strong><\/em><\/p>\n\n\n\n<p>Retransmitido en directo desde la Universidad Cat\u00f3lica Australiana de Roma, el padre Joshtrom Kureethadam, del Vaticano, dirigir\u00e1 una din\u00e1mica conversaci\u00f3n centrada en elevar las voces ind\u00edgenas de cara a la conferencia de las Naciones Unidas sobre la biodiversidad que tendr\u00e1 lugar este a\u00f1o.<\/p>\n\n\n\n<p><strong>Ponentes destacados:<\/strong><\/p>\n\n\n\n<ul><li>Sor Alessandra Smerilli, Secretaria del Dicasterio para el Servicio del Desarrollo Humano Integral del Vaticano<\/li><li>Theresa Ardler, investigadora de enlace ind\u00edgena en la Universidad Cat\u00f3lica de Australia, directora y propietaria de Gweagal Cultural Connections<\/li><li>Johan Rockstr\u00f6m, Director del Instituto de Potsdam para la Investigaci\u00f3n del Impacto Clim\u00e1tico y profesor de Ciencias del Sistema Terrestre en la Universidad de Potsdam<\/li><li>Vandana Shiva, fundadora de la Fundaci\u00f3n de Investigaci\u00f3n Navdanya para la Ciencia, la Tecnolog\u00eda y la Ecolog\u00eda en la India y Presidenta de Navdanya International<\/li><\/ul>\n\n\n\n<p><strong>MARTES 24 DE MAYO<\/strong><\/p>\n\n\n\n<p><em><strong>09:00 CEST (MAY 25)<\/strong><\/em><em><strong>&nbsp;Empoderamiento de la ECO-munidad: Abrazando a los pobres<\/strong><\/em><\/p>\n\n\n\n<p>Retransmitido en directo desde la Bas\u00edlica Metropolitana de la Inmaculada Concepci\u00f3n, o la Catedral de Manila, comunidades de toda Filipinas se asociar\u00e1n con la Arquidi\u00f3cesis de Manila para este evento de un d\u00eda de duraci\u00f3n que inspirar\u00e1 a todos a acelerar su respuesta al clamor de los pobres.<\/p>\n\n\n\n<p><strong>MI\u00c9RCOLES 25 DE MAYO<\/strong><\/p>\n\n\n\n<p><em><strong>15:00 CEST Combustibles f\u00f3siles, violencia y crisis clim\u00e1tica<\/strong><\/em><\/p>\n\n\n\n<p>El profesor y autor de renombre mundial Jeffrey D. Sachs dirigir\u00e1 una conversaci\u00f3n urgente sobre c\u00f3mo las instituciones religiosas pueden liderar el camino hacia un futuro m\u00e1s limpio y seguro desprendi\u00e9ndose de los combustibles f\u00f3siles.<\/p>\n\n\n\n<p><strong>Ponentes destacados:<\/strong><\/p>\n\n\n\n<ul><li>Jeffrey D. Sachs, profesor y autor de renombre mundial<\/li><li>Omar Elmawi, coalici\u00f3n StopEACOP de&nbsp;<a href=\"http:\/\/350.org\/\" target=\"_blank\" rel=\"noreferrer noopener\">350.org<\/a><\/li><li>Svitlana Romanko, Stand With Ukraine<\/li><li>Whitney Terrell, Minnesota Interfaith Power and Light<\/li><li>Martin Kopp, GreenFaith<\/li><li>Obispo Domenico Sorrentino (As\u00eds-Nocera Umbra-Gualdo Tadino, Italia)<\/li><li>Davide Panzeri, ECCO, grupo de reflexi\u00f3n italiano sobre el cambio clim\u00e1tico&nbsp;<\/li><\/ul>\n\n\n\n<p><strong>JUEVES 26 DE MAYO<\/strong><\/p>\n\n\n\n<p><em><strong>15:30 CEST Invertir en Laudato Si&#8217;<\/strong><\/em><\/p>\n\n\n\n<p>Dirigido por FaithInvest, este innovador evento involucrar\u00e1 a los inversores institucionales cat\u00f3licos en una conversaci\u00f3n sobre la inversi\u00f3n \u00e9tica y c\u00f3mo pueden asegurar que sus activos est\u00e1n alineados con Laudato Si&#8217;. Retransmitido en directo desde Wicklow, Irlanda, este evento tambi\u00e9n incluir\u00e1 el lanzamiento especial del Centro de Inversores de la Plataforma de Acci\u00f3n Laudato Si&#8217;.<\/p>\n\n\n\n<p><strong>Ponentes destacados:<\/strong><\/p>\n\n\n\n<ul><li>Sr. Colette Kane OP, An Tairseach<\/li><li>Lorna Gold, presidenta de FaithInvest y de la junta directiva del Movimiento Laudato Si&#8217;<\/li><li>Nana Francois, FaithInvest<\/li><li>Elizabeth Garlow, Econom\u00eda de Francesco<\/li><\/ul>\n\n\n\n<p><strong>VIERNES 27 DE MAYO<\/strong><\/p>\n\n\n\n<p><em><strong>14:00 CEST Avance del documental sobre Laudato Si&#8217;<\/strong><\/em><\/p>\n\n\n\n<p>Las im\u00e1genes de&nbsp;<em>La invitaci\u00f3n,<\/em>&nbsp;un nuevo largometraje documental sobre Laudato Si&#8217;, se mostrar\u00e1n al p\u00fablico en general por primera vez durante un evento de transmisi\u00f3n en directo.&nbsp;<em>La invitaci\u00f3n<\/em>&nbsp;se estrenar\u00e1 en todo el mundo a finales de este a\u00f1o.<\/p>\n\n\n\n<p><strong>S\u00c1BADO 28 DE MAYO<\/strong><\/p>\n\n\n\n<p><br><em><strong>21:00 CEST Festival Laudato Si\u2019&nbsp;<\/strong><\/em><\/p>\n\n\n\n<p>El Festival Laudato Si&#8217;, en directo desde As\u00eds, mostrar\u00e1 a artistas cat\u00f3licos de todo el mundo que utilizan su talento para concienciar sobre la necesidad de cuidar nuestra casa com\u00fan.<\/p>\n\n\n\n<p><strong>DOMINGO 29 DE MAYO<\/strong><\/p>\n\n\n\n<p><em><strong>15:00 CEST<\/strong><\/em><em><strong>&nbsp;Encuentro de oraci\u00f3n de clausura de la Semana Laudato Si&#8217;: La resiliencia y el empoderamiento de las comunidades como parte de nuestro viaje sinodal<\/strong><\/em><\/p>\n\n\n\n<p>En directo desde Brumadinho, Brasil, Mons. Vicente de Paula Ferreira dirigir\u00e1 un encuentro de oraci\u00f3n para clausurar oficialmente la Semana Laudato Si&#8217; 2022. El encuentro tendr\u00e1 un enfoque especial en los afectados por la crisis clim\u00e1tica y dar\u00e1 testimonio de las personas afectadas.<\/p>\n\n\n\n<p>En enero de 2019, el derrumbe de una presa en Brumadinho verti\u00f3 millones de toneladas de residuos t\u00f3xicos en las comunidades cercanas y mat\u00f3 a 270 personas.<\/p>\n","protected":false},"excerpt":{"rendered":"<p>Del 22 al 29 de Mayo celebramos la semana laudato Si\u00b4.&nbsp; Desde El Papa Francisco al \u00faltimo cristiano en el lugar m\u00e1s rec\u00f3ndito vamos a concentrar nuestras fuerzas en reflexi\u00f3n y acci\u00f3n por el Cuidado de la Casa Com\u00fan. Hay miles de actividades programadas en todo el mundo. Y el domingo 22 el Papa Francisco &#8230; <a title=\"SEMANA LAUDATO SI\u00b4\" class=\"read-more\" href=\"http:\/\/www.ecoinea.org\/index.php\/2022\/05\/23\/semana-laudato-si\/\">Leer m\u00e1s<span class=\"screen-reader-text\">SEMANA LAUDATO SI\u00b4<\/span><\/a><\/p>\n","protected":false},"author":1,"featured_media":4070,"comment_status":"open","ping_status":"open","sticky":false,"template":"","format":"standard","meta":{"footnotes":""},"categories":[84,81],"tags":[],"_links":{"self":[{"href":"http:\/\/www.ecoinea.org\/index.php\/wp-json\/wp\/v2\/posts\/4068"}],"collection":[{"href":"http:\/\/www.ecoinea.org\/index.php\/wp-json\/wp\/v2\/posts"}],"about":[{"href":"http:\/\/www.ecoinea.org\/index.php\/wp-json\/wp\/v2\/types\/post"}],"author":[{"embeddable":true,"href":"http:\/\/www.ecoinea.org\/index.php\/wp-json\/wp\/v2\/users\/1"}],"replies":[{"embeddable":true,"href":"http:\/\/www.ecoinea.org\/index.php\/wp-json\/wp\/v2\/comments?post=4068"}],"version-history":[{"count":2,"href":"http:\/\/www.ecoinea.org\/index.php\/wp-json\/wp\/v2\/posts\/4068\/revisions"}],"predecessor-version":[{"id":4072,"href":"http:\/\/www.ecoinea.org\/index.php\/wp-json\/wp\/v2\/posts\/4068\/revisions\/4072"}],"wp:featuredmedia":[{"embeddable":true,"href":"http:\/\/www.ecoinea.org\/index.php\/wp-json\/wp\/v2\/media\/4070"}],"wp:attachment":[{"href":"http:\/\/www.ecoinea.org\/index.php\/wp-json\/wp\/v2\/media?parent=4068"}],"wp:term":[{"taxonomy":"category","embeddable":true,"href":"http:\/\/www.ecoinea.org\/index.php\/wp-json\/wp\/v2\/categories?post=4068"},{"taxonomy":"post_tag","embeddable":true,"href":"http:\/\/www.ecoinea.org\/index.php\/wp-json\/wp\/v2\/tags?post=4068"}],"curies":[{"name":"wp","href":"https:\/\/api.w.org\/{rel}","templated":true}]}}