{"id":4107,"date":"2022-06-30T10:29:20","date_gmt":"2022-06-30T08:29:20","guid":{"rendered":"http:\/\/www.ecoinea.org\/?p=4107"},"modified":"2022-08-05T13:49:01","modified_gmt":"2022-08-05T11:49:01","slug":"estancias-del-mes-de-junio-2022","status":"publish","type":"post","link":"http:\/\/www.ecoinea.org\/index.php\/2022\/06\/30\/estancias-del-mes-de-junio-2022\/","title":{"rendered":"Actividades en Junio-Julio en torno a Laudato Si\u00b4"},"content":{"rendered":"\t\t<div data-elementor-type=\"wp-post\" data-elementor-id=\"4107\" class=\"elementor elementor-4107\">\n\t\t\t\t\t\t\t\t\t<section class=\"elementor-section elementor-top-section elementor-element elementor-element-d52ec59 elementor-section-boxed elementor-section-height-default elementor-section-height-default\" data-id=\"d52ec59\" data-element_type=\"section\">\n\t\t\t\t\t\t<div class=\"elementor-container elementor-column-gap-default\">\n\t\t\t\t\t<div class=\"elementor-column elementor-col-100 elementor-top-column elementor-element elementor-element-352c6bf\" data-id=\"352c6bf\" data-element_type=\"column\">\n\t\t\t<div class=\"elementor-widget-wrap elementor-element-populated\">\n\t\t\t\t\t\t\t\t<div class=\"elementor-element elementor-element-625fd10 elementor-widget elementor-widget-heading\" data-id=\"625fd10\" data-element_type=\"widget\" data-widget_type=\"heading.default\">\n\t\t\t\t<div class=\"elementor-widget-container\">\n\t\t\t<h2 class=\"elementor-heading-title elementor-size-default\">Actividades Junio-Julio en torno a Laudato Si\u00b4<\/h2>\t\t<\/div>\n\t\t\t\t<\/div>\n\t\t\t\t\t<\/div>\n\t\t<\/div>\n\t\t\t\t\t\t\t<\/div>\n\t\t<\/section>\n\t\t\t\t<section class=\"elementor-section elementor-top-section elementor-element elementor-element-a8794ff elementor-section-boxed elementor-section-height-default elementor-section-height-default\" data-id=\"a8794ff\" data-element_type=\"section\">\n\t\t\t\t\t\t<div class=\"elementor-container elementor-column-gap-default\">\n\t\t\t\t\t<div class=\"elementor-column elementor-col-100 elementor-top-column elementor-element elementor-element-4ebdf30\" data-id=\"4ebdf30\" data-element_type=\"column\">\n\t\t\t<div class=\"elementor-widget-wrap elementor-element-populated\">\n\t\t\t\t\t\t\t\t<div class=\"elementor-element elementor-element-faa6c63 elementor-widget elementor-widget-text-editor\" data-id=\"faa6c63\" data-element_type=\"widget\" data-widget_type=\"text-editor.default\">\n\t\t\t\t<div class=\"elementor-widget-container\">\n\t\t\t\t\t\t\t<p>En estos mees de Junio y Julio hemos recibido numerosos grupos de personas con fines diversos y tanto en INEA como en Ecolog\u00eda y Acogida Ana Leal hemos trabajado con ellos en torno al Cuidado de la Casa Com\u00fan.<\/p><p>Los grupos<strong> Fe y Desarrollo <\/strong>de Valladolid tuvieron su retiro de final de Curso una ma\u00f1ana en torno a la aplicaci\u00f3n de sentidos en la naturaleza y descubrimiento de la creaci\u00f3n. Vinieron unas 25 personas.<\/p><p>La <strong>Parroquia de Pilarica<\/strong> de Valladolid tambi\u00e9n celebr\u00f3 el final de curso con nosotros. Vinieron unas 50 personas y tuvimos la misma din\u00e1mica que en el anterior grupo.<\/p><p>Las <strong>Comunidades de Vida Cristiana<\/strong> tuvieron su asamblea final de curso. Fueron unas 40 personas con su din\u00e1mica propia.<\/p><p><strong>Entreculturas-Alboan<\/strong> han tenido dos encuentros, el \u00faltimo con los cuadros directivos de la ONG. Han estado d\u00eda y medio en cada encuentro con diversas actividades en torno a la Laudato SI.<\/p><p>Un grupo de 15 personas, jesuitas y empleados de la casa y\u00a0 Parroquia de <b>Maldonado<\/b> compartieron con nosotros una ma\u00f1ana de formaci\u00f3n, visita y descanso<\/p><p><strong>Red \u00cdncola<\/strong> celebr\u00f3 en INEA la Asamblea anual del Patronato y tambi\u00e9n la fiesta final con los voluntarios. Casi 200 personas se juntaron en una tarde alegre y festiva en que Isaac Pescador presidio la celebraci\u00f3n de la eucarist\u00eda<\/p><p>Celebramos tambi\u00e9n con una marcha hacia Inea desde Valladolid en torno al <strong>D\u00eda Mundial del Refugiado<\/strong>. Vinimos unas 30 personas y\u00a0 tuvimos un acto en el jard\u00edn.<\/p><p>El campamento juvenil de <strong>C\u00e1ritas <\/strong>nos visit\u00f3 el d\u00eda 29 de Junio con unas 30 personas.<\/p><p>El <strong>Centro Loyola<\/strong> de Valladolid tambi\u00e9n tuvo su encuentro final de Curso en INEA con la celebraci\u00f3n de una Eucarist\u00eda y una fiesta posterior.<\/p><p>Tambi\u00e9n nos ha visitado un grupo internacional de expertos del\u00a0 \u00a0<strong>Proyecto\u00a0CityZen<\/strong> dentro de las acciones Interreg.\u00a0<\/p><p>Un grupo de universitarios joven \u00a0<strong>Mag+s<\/strong> en una experiencia de voluntariado social y ecolog\u00eda. Han trabajado en clases de apoyo a\u00a0 ni\u00f1os migrantes de un campamento de verano q ue coordina Red \u00edncola y ses han dedicado ls tarde a momento de experiencia y formaci\u00f3n.<\/p><p>Grupo de <strong>Entreculturas\u00a0 y Alboan<\/strong> con la presencia de un buen n\u00famero \u00a0de personas que trabajan en las organizaciones. Se completa as\u00ed la formaci\u00f3n en justicia socioambiental, una de las causas en las que est\u00e1n involucrados. En total han pasado casi 80 personas de estas ONG que han tenido una experiencia muy positiva.<\/p><p>El 1 de Julio tuvimos tambi\u00e9n a un grupo de casi 80 profesores de <strong>Cristo Rey<\/strong> que a lo largo de una ma\u00f1ana tuvimos una reflexi\u00f3n sobre ecolog\u00eda y el cuidado de la casa com\u00fan. Una motivaci\u00f3n, un paseo por la finca y huertos y unan conferencia de Pedro Piedras fueron el men\u00fa de de final de curso de los profesores<\/p><p>Tambi\u00e9n hemos recibido la visita d ellos jesuitas de origen internacional que celebran el <strong>curso de espa\u00f1ol en Salamanca<\/strong> en esta ocasi\u00f3n de la mano de los jesuitas que acompa\u00f1an el curso desde Espa\u00f1a: \u00a0Alejandro Toro y Luis Arranz<\/p><p>Del 15 al 23 de Julio, impulsado por Comillas, se celebr\u00f3 en INEA el <strong>II Campus Universitario Unijes <\/strong>sobre Ecolog\u00eda Integral.\u00a0 Un grupo de alumnos-as de Comillas, Deusto, Esade, IQS y Loyola, junto con universitarios de la U. Cat\u00f3lica de Porto, la LUMSA de Roma y la Mateja Bela Banskej Bystrici de Eslovaquia, han participado en esta experiencia que a\u00fana el trabajo de voluntariado social con un mayor conocimiento de los retos socioambientales.<\/p><p>Las ma\u00f1anas se repart\u00edan entre apoyo escolar a ni\u00f1os y adolescentes migrantes, tareas bajo el auspicio de Red \u00cdncola, y el trabajo en la finca y huertos de INEA, as\u00ed como la colaboraci\u00f3n en las tareas de la casa (cocina y limpieza). Las tardes se dedicaban m\u00e1s a temas de formaci\u00f3n en ecolog\u00eda y a din\u00e1micas que provocan experiencias de cambio. Se cerraba el d\u00eda con una revisi\u00f3n de lo vivido a lo largo de la jornada. Tambi\u00e9n ha habido tiempo para el ocio y el descanso.<\/p><p>El grupo de universitarios ha vivido en el espacio comunitario Ana Leal, junto a la comunidad jesuita y a las familias y personas que viven habitualmente en ese espacio, teniendo as\u00ed tambi\u00e9n una experiencia comunitaria (total 30 personas).\u00a0 Han acompa\u00f1ado al grupo de universitarios, Lourdes Salmeron, F\u00e9lix Revilla y Elena L\u00f3pez (equipo de Ecolog\u00eda y Acogida Ana Leal), Luis Busto sj (exalumno IQS) y David Armis\u00e9n (Comillas). El conocimiento y convivencia de personas de distintas universidades ha sido muy enriquecedor y es una semilla de cambio para el futuro, tanto personal como de nuestros centros y de la sociedad.\u00a0<\/p><p>Del 25 al 31 de Julio hemos celebrado una tanda de <strong>ejercicios en clave Laudato Si\u00b4<\/strong> en Celorio. Ha sido a acompa\u00f1ada por Jos\u00e9 Ignacio Garc\u00eda y\u00a0 F\u00e9lix Revilla y han participado 26 personas que tienen conexiones con nuestras obras apost\u00f3licas: CVX, Educsi, Pastoral con personas de Valencia, Madrid, Pamplona, Bilbao, Gij\u00f3n, Coru\u00f1a, Santiago, Badajoz, Valladolid, Donostia entre los cuales hemos estado 7 jesuitas. Un experiencia profunda en torno a la conversi\u00f3n ecol\u00f3gica que esperamos tenga sus frutos en nuestros trabajos y obras. Celorio es el sitio pluscuamperfecto para \u00e9sta y otras experiencias<\/p><p>\u00a0En Agosto hemos tenido la celebraci\u00f3n de la <strong>Semana de Ecolog\u00eda Integral<\/strong> que se ha celebrado en Ecolog\u00eda y Acogida Ana Leal en INEA. Lo ha coordinado Jos\u00e9\u00a0 Eizaguirre\u00a0 con la colaboraci\u00f3n de los miembros de la Comunidad. Han participado 14 personas provenientes de diversos lugares como San Sebasti\u00e1n, Badajoz, Burgos, Segovia, M\u00e9xico,Madrid y Uruguay. Cuatro d\u00edas intensos de trabajo en torno a la ecolog\u00eda integral, muy de la mano de Laudato Si\u00b4<\/p><p>Unas 600 personas han participado el conjunto de estas actividades<\/p><p>De algunas de esas actividades acompa\u00f1amos algunas fotos\u00a0\u00a0<\/p><h6>\u00a0<\/h6>\t\t\t\t\t\t<\/div>\n\t\t\t\t<\/div>\n\t\t\t\t\t<\/div>\n\t\t<\/div>\n\t\t\t\t\t\t\t<\/div>\n\t\t<\/section>\n\t\t\t\t<section class=\"elementor-section elementor-top-section elementor-element elementor-element-b10df60 elementor-section-boxed elementor-section-height-default elementor-section-height-default\" data-id=\"b10df60\" data-element_type=\"section\">\n\t\t\t\t\t\t<div class=\"elementor-container elementor-column-gap-default\">\n\t\t\t\t\t<div class=\"elementor-column elementor-col-100 elementor-top-column elementor-element elementor-element-f1f9897\" data-id=\"f1f9897\" data-element_type=\"column\">\n\t\t\t<div class=\"elementor-widget-wrap elementor-element-populated\">\n\t\t\t\t\t\t\t\t<div class=\"elementor-element elementor-element-8b4e259 elementor-arrows-position-inside elementor-pagination-position-outside elementor-widget elementor-widget-image-carousel\" data-id=\"8b4e259\" data-element_type=\"widget\" data-settings=\"{&quot;navigation&quot;:&quot;both&quot;,&quot;autoplay&quot;:&quot;yes&quot;,&quot;pause_on_hover&quot;:&quot;yes&quot;,&quot;pause_on_interaction&quot;:&quot;yes&quot;,&quot;autoplay_speed&quot;:5000,&quot;infinite&quot;:&quot;yes&quot;,&quot;speed&quot;:500}\" data-widget_type=\"image-carousel.default\">\n\t\t\t\t<div class=\"elementor-widget-container\">\n\t\t\t\t\t<div class=\"elementor-image-carousel-wrapper swiper-container\" dir=\"ltr\">\n\t\t\t<div class=\"elementor-image-carousel swiper-wrapper\" aria-live=\"off\">\n\t\t\t\t\t\t\t\t<div class=\"swiper-slide\" role=\"group\" aria-roledescription=\"slide\" aria-label=\"1 de 13\"><figure class=\"swiper-slide-inner\"><img decoding=\"async\" class=\"swiper-slide-image\" src=\"http:\/\/www.ecoinea.org\/wp-content\/uploads\/2022\/06\/WhatsApp-Image-2022-06-29-at-1.07.05-PM-2-150x150.jpeg\" alt=\"WhatsApp Image 2022-06-29 at 1.07.05 PM (2)\" \/><\/figure><\/div><div class=\"swiper-slide\" role=\"group\" aria-roledescription=\"slide\" aria-label=\"2 de 13\"><figure class=\"swiper-slide-inner\"><img decoding=\"async\" class=\"swiper-slide-image\" src=\"http:\/\/www.ecoinea.org\/wp-content\/uploads\/2022\/06\/WhatsApp-Image-2022-06-29-at-1.07.05-PM-1-150x150.jpeg\" alt=\"WhatsApp Image 2022-06-29 at 1.07.05 PM (1)\" \/><\/figure><\/div><div class=\"swiper-slide\" role=\"group\" aria-roledescription=\"slide\" aria-label=\"3 de 13\"><figure class=\"swiper-slide-inner\"><img decoding=\"async\" class=\"swiper-slide-image\" src=\"http:\/\/www.ecoinea.org\/wp-content\/uploads\/2022\/06\/WhatsApp-Image-2022-06-30-at-12.28.32-PM-150x150.jpeg\" alt=\"WhatsApp Image 2022-06-30 at 12.28.32 PM\" \/><\/figure><\/div><div class=\"swiper-slide\" role=\"group\" aria-roledescription=\"slide\" aria-label=\"4 de 13\"><figure class=\"swiper-slide-inner\"><img decoding=\"async\" class=\"swiper-slide-image\" src=\"http:\/\/www.ecoinea.org\/wp-content\/uploads\/2022\/06\/WhatsApp-Image-2022-06-30-at-12.27.41-PM-150x150.jpeg\" alt=\"WhatsApp Image 2022-06-30 at 12.27.41 PM\" \/><\/figure><\/div><div class=\"swiper-slide\" role=\"group\" aria-roledescription=\"slide\" aria-label=\"5 de 13\"><figure class=\"swiper-slide-inner\"><img decoding=\"async\" class=\"swiper-slide-image\" src=\"http:\/\/www.ecoinea.org\/wp-content\/uploads\/2022\/06\/WhatsApp-Image-2022-06-30-at-12.37.41-PM-150x150.jpeg\" alt=\"WhatsApp Image 2022-06-30 at 12.37.41 PM\" \/><\/figure><\/div><div class=\"swiper-slide\" role=\"group\" aria-roledescription=\"slide\" aria-label=\"6 de 13\"><figure class=\"swiper-slide-inner\"><img decoding=\"async\" class=\"swiper-slide-image\" src=\"http:\/\/www.ecoinea.org\/wp-content\/uploads\/2022\/07\/WhatsApp-Image-2022-06-30-at-12.28.32-PM-150x150.jpeg\" alt=\"WhatsApp Image 2022-06-30 at 12.28.32 PM\" \/><\/figure><\/div><div class=\"swiper-slide\" role=\"group\" aria-roledescription=\"slide\" aria-label=\"7 de 13\"><figure class=\"swiper-slide-inner\"><img decoding=\"async\" class=\"swiper-slide-image\" src=\"http:\/\/www.ecoinea.org\/wp-content\/uploads\/2022\/07\/WhatsApp-Image-2022-06-30-at-12.37.41-PM-150x150.jpeg\" alt=\"WhatsApp Image 2022-06-30 at 12.37.41 PM\" \/><\/figure><\/div><div class=\"swiper-slide\" role=\"group\" aria-roledescription=\"slide\" aria-label=\"8 de 13\"><figure class=\"swiper-slide-inner\"><img decoding=\"async\" class=\"swiper-slide-image\" src=\"http:\/\/www.ecoinea.org\/wp-content\/uploads\/2022\/07\/WhatsApp-Image-2022-06-29-at-1.07.05-PM-1-150x150.jpeg\" alt=\"WhatsApp Image 2022-06-29 at 1.07.05 PM (1)\" \/><\/figure><\/div><div class=\"swiper-slide\" role=\"group\" aria-roledescription=\"slide\" aria-label=\"9 de 13\"><figure class=\"swiper-slide-inner\"><img decoding=\"async\" class=\"swiper-slide-image\" src=\"http:\/\/www.ecoinea.org\/wp-content\/uploads\/2022\/07\/WhatsApp-Image-2022-06-29-at-1.07.07-PM-150x150.jpeg\" alt=\"WhatsApp Image 2022-06-29 at 1.07.07 PM\" \/><\/figure><\/div><div class=\"swiper-slide\" role=\"group\" aria-roledescription=\"slide\" aria-label=\"10 de 13\"><figure class=\"swiper-slide-inner\"><img decoding=\"async\" class=\"swiper-slide-image\" src=\"http:\/\/www.ecoinea.org\/wp-content\/uploads\/2022\/07\/WhatsApp-Image-2022-07-23-at-1.33.27-PM-150x150.jpeg\" alt=\"WhatsApp Image 2022-07-23 at 1.33.27 PM\" \/><\/figure><\/div><div class=\"swiper-slide\" role=\"group\" aria-roledescription=\"slide\" aria-label=\"11 de 13\"><figure class=\"swiper-slide-inner\"><img decoding=\"async\" class=\"swiper-slide-image\" src=\"http:\/\/www.ecoinea.org\/wp-content\/uploads\/2022\/07\/WhatsApp-Image-2022-07-22-at-8.36.45-PM-150x150.jpeg\" alt=\"WhatsApp Image 2022-07-22 at 8.36.45 PM\" \/><\/figure><\/div><div class=\"swiper-slide\" role=\"group\" aria-roledescription=\"slide\" aria-label=\"12 de 13\"><figure class=\"swiper-slide-inner\"><img decoding=\"async\" class=\"swiper-slide-image\" src=\"http:\/\/www.ecoinea.org\/wp-content\/uploads\/2022\/07\/WhatsApp-Image-2022-07-21-at-10.58.55-AM-150x150.jpeg\" alt=\"WhatsApp Image 2022-07-21 at 10.58.55 AM\" \/><\/figure><\/div><div class=\"swiper-slide\" role=\"group\" aria-roledescription=\"slide\" aria-label=\"13 de 13\"><figure class=\"swiper-slide-inner\"><img decoding=\"async\" class=\"swiper-slide-image\" src=\"http:\/\/www.ecoinea.org\/wp-content\/uploads\/2022\/08\/20220803_184525-150x150.jpg\" alt=\"20220803_184525\" \/><\/figure><\/div>\t\t\t<\/div>\n\t\t\t\t\t\t\t\t\t\t\t\t<div class=\"elementor-swiper-button elementor-swiper-button-prev\" role=\"button\" tabindex=\"0\">\n\t\t\t\t\t\t<i aria-hidden=\"true\" class=\"eicon-chevron-left\"><\/i>\t\t\t\t\t<\/div>\n\t\t\t\t\t<div class=\"elementor-swiper-button elementor-swiper-button-next\" role=\"button\" tabindex=\"0\">\n\t\t\t\t\t\t<i aria-hidden=\"true\" class=\"eicon-chevron-right\"><\/i>\t\t\t\t\t<\/div>\n\t\t\t\t\n\t\t\t\t\t\t\t\t\t<div class=\"swiper-pagination\"><\/div>\n\t\t\t\t\t\t\t\t\t<\/div>\n\t\t\t\t<\/div>\n\t\t\t\t<\/div>\n\t\t\t\t\t<\/div>\n\t\t<\/div>\n\t\t\t\t\t\t\t<\/div>\n\t\t<\/section>\n\t\t\t\t\t\t\t<\/div>\n\t\t","protected":false},"excerpt":{"rendered":"<p>Actividades Junio-Julio en torno a Laudato Si\u00b4 En estos mees de Junio y Julio hemos recibido numerosos grupos de personas con fines diversos y tanto en INEA como en Ecolog\u00eda y Acogida Ana Leal hemos trabajado con ellos en torno al Cuidado de la Casa Com\u00fan. Los grupos Fe y Desarrollo de Valladolid tuvieron su &#8230; <a title=\"Actividades en Junio-Julio en torno a Laudato Si\u00b4\" class=\"read-more\" href=\"http:\/\/www.ecoinea.org\/index.php\/2022\/06\/30\/estancias-del-mes-de-junio-2022\/\">Leer m\u00e1s<span class=\"screen-reader-text\">Actividades en Junio-Julio en torno a Laudato Si\u00b4<\/span><\/a><\/p>\n","protected":false},"author":1,"featured_media":4109,"comment_status":"open","ping_status":"open","sticky":false,"template":"","format":"standard","meta":{"footnotes":""},"categories":[84,83,81,145],"tags":[],"_links":{"self":[{"href":"http:\/\/www.ecoinea.org\/index.php\/wp-json\/wp\/v2\/posts\/4107"}],"collection":[{"href":"http:\/\/www.ecoinea.org\/index.php\/wp-json\/wp\/v2\/posts"}],"about":[{"href":"http:\/\/www.ecoinea.org\/index.php\/wp-json\/wp\/v2\/types\/post"}],"author":[{"embeddable":true,"href":"http:\/\/www.ecoinea.org\/index.php\/wp-json\/wp\/v2\/users\/1"}],"replies":[{"embeddable":true,"href":"http:\/\/www.ecoinea.org\/index.php\/wp-json\/wp\/v2\/comments?post=4107"}],"version-history":[{"count":28,"href":"http:\/\/www.ecoinea.org\/index.php\/wp-json\/wp\/v2\/posts\/4107\/revisions"}],"predecessor-version":[{"id":4165,"href":"http:\/\/www.ecoinea.org\/index.php\/wp-json\/wp\/v2\/posts\/4107\/revisions\/4165"}],"wp:featuredmedia":[{"embeddable":true,"href":"http:\/\/www.ecoinea.org\/index.php\/wp-json\/wp\/v2\/media\/4109"}],"wp:attachment":[{"href":"http:\/\/www.ecoinea.org\/index.php\/wp-json\/wp\/v2\/media?parent=4107"}],"wp:term":[{"taxonomy":"category","embeddable":true,"href":"http:\/\/www.ecoinea.org\/index.php\/wp-json\/wp\/v2\/categories?post=4107"},{"taxonomy":"post_tag","embeddable":true,"href":"http:\/\/www.ecoinea.org\/index.php\/wp-json\/wp\/v2\/tags?post=4107"}],"curies":[{"name":"wp","href":"https:\/\/api.w.org\/{rel}","templated":true}]}}