{"id":4203,"date":"2022-10-21T12:50:11","date_gmt":"2022-10-21T10:50:11","guid":{"rendered":"http:\/\/www.ecoinea.org\/?p=4203"},"modified":"2022-10-21T13:03:59","modified_gmt":"2022-10-21T11:03:59","slug":"programa-actividades-22-23","status":"publish","type":"post","link":"http:\/\/www.ecoinea.org\/index.php\/2022\/10\/21\/programa-actividades-22-23\/","title":{"rendered":"Programa actividades 22-23"},"content":{"rendered":"\t\t<div data-elementor-type=\"wp-post\" data-elementor-id=\"4203\" class=\"elementor elementor-4203\">\n\t\t\t\t\t\t\t\t\t<section class=\"elementor-section elementor-top-section elementor-element elementor-element-80e26b8 elementor-section-boxed elementor-section-height-default elementor-section-height-default\" data-id=\"80e26b8\" data-element_type=\"section\">\n\t\t\t\t\t\t<div class=\"elementor-container elementor-column-gap-default\">\n\t\t\t\t\t<div class=\"elementor-column elementor-col-100 elementor-top-column elementor-element elementor-element-9e0ded1\" data-id=\"9e0ded1\" data-element_type=\"column\">\n\t\t\t<div class=\"elementor-widget-wrap elementor-element-populated\">\n\t\t\t\t\t\t\t\t<div class=\"elementor-element elementor-element-77e36cd elementor-widget elementor-widget-text-editor\" data-id=\"77e36cd\" data-element_type=\"widget\" data-widget_type=\"text-editor.default\">\n\t\t\t\t<div class=\"elementor-widget-container\">\n\t\t\t\t\t\t\t<p><span style=\"color: #385623; font-family: 'Indie Flower'; font-size: 20pt; text-align: center; font-weight: var( --e-global-typography-text-font-weight );\">AULA DE ECOLOG\u00cdA<\/span><\/p><p style=\"line-height: normal;\"><b><span style=\"font-size: 14.0pt; font-family: 'Indie Flower'; mso-fareast-font-family: 'Times New Roman'; mso-bidi-font-family: 'Times New Roman'; mso-fareast-language: ES;\">\u00a0<\/span><\/b><b style=\"color: var( --e-global-color-text ); font-family: var( --e-global-typography-text-font-family ), Sans-serif;\"><span style=\"font-size: 16.0pt; font-family: 'Indie Flower'; mso-fareast-font-family: 'Times New Roman'; mso-bidi-font-family: 'Times New Roman'; mso-fareast-language: ES;\">Destinatarios: Grupos de alumno de ESO y BCHILLERATO<\/span><\/b><\/p><p style=\"line-height: normal;\"><b><span style=\"font-size: 14.0pt; font-family: 'Indie Flower'; mso-fareast-font-family: 'Times New Roman'; mso-bidi-font-family: 'Times New Roman'; mso-fareast-language: ES;\">\u00a0<\/span><\/b><\/p><table style=\"border-collapse: collapse; border: initial none initial;\" border=\"1\" cellspacing=\"0\" cellpadding=\"0\"><tbody><tr><td style=\"width: 424.7pt; border-width: 1pt; border-color: windowtext; background: #e2efd9; padding: 0cm 5.4pt;\" valign=\"top\" width=\"566\"><p style=\"margin-bottom: 0cm; line-height: normal;\"><span style=\"font-size: 13.0pt; font-family: 'Indie Flower'; color: #404040; mso-themecolor: text1; mso-themetint: 191;\">\u00a0<\/span><\/p><p style=\"margin-bottom: 0cm; mso-add-space: auto; line-height: normal;\"><b><span style=\"font-size: 16.0pt; font-family: 'Indie Flower'; mso-bidi-font-family: 'Segoe UI'; color: #2f5496; mso-themecolor: accent1; mso-themeshade: 191;\">9.30-10.00h<\/span><\/b><span style=\"font-size: 16.0pt; font-family: 'Indie Flower'; mso-bidi-font-family: 'Segoe UI'; color: #2f5496; mso-themecolor: accent1; mso-themeshade: 191;\">. Llegada a INEA<\/span><\/p><p style=\"margin-bottom: 0cm; mso-add-space: auto; line-height: normal;\"><b><span style=\"font-size: 16.0pt; font-family: 'Indie Flower'; mso-bidi-font-family: 'Segoe UI'; color: #2f5496; mso-themecolor: accent1; mso-themeshade: 191;\">9.30-10.30h<\/span><\/b><span style=\"font-size: 16.0pt; font-family: 'Indie Flower'; mso-bidi-font-family: 'Segoe UI'; color: #2f5496; mso-themecolor: accent1; mso-themeshade: 191;\">. Taller de observaci\u00f3n de la naturaleza<\/span><\/p><p style=\"margin-bottom: 0cm; mso-add-space: auto; line-height: normal;\"><b><span style=\"font-size: 16.0pt; font-family: 'Indie Flower'; mso-bidi-font-family: 'Segoe UI'; color: #2f5496; mso-themecolor: accent1; mso-themeshade: 191;\">10.30-11.30h<\/span><\/b><span style=\"font-size: 16.0pt; font-family: 'Indie Flower'; mso-bidi-font-family: 'Segoe UI'; color: #2f5496; mso-themecolor: accent1; mso-themeshade: 191;\">. Taller sobre los huertos ecol\u00f3gicos<\/span><\/p><p style=\"margin-bottom: 0cm; mso-add-space: auto; line-height: normal;\"><b><span style=\"font-size: 16.0pt; font-family: 'Indie Flower'; mso-bidi-font-family: 'Segoe UI'; color: #2f5496; mso-themecolor: accent1; mso-themeshade: 191;\">11.30h<\/span><\/b><span style=\"font-size: 16.0pt; font-family: 'Indie Flower'; mso-bidi-font-family: 'Segoe UI'; color: #2f5496; mso-themecolor: accent1; mso-themeshade: 191;\">. Descanso<\/span><\/p><p style=\"margin-bottom: 0cm; mso-add-space: auto; line-height: normal;\"><b><span style=\"font-size: 16.0pt; font-family: 'Indie Flower'; mso-bidi-font-family: 'Segoe UI'; color: #2f5496; mso-themecolor: accent1; mso-themeshade: 191;\">12.30-13.00<\/span><\/b><span style=\"font-size: 16.0pt; font-family: 'Indie Flower'; mso-bidi-font-family: 'Segoe UI'; color: #2f5496; mso-themecolor: accent1; mso-themeshade: 191;\">h Actividad, juego en torno a la ecolog\u00eda, ginkanas, concursos, juegos de equipo, etc.<\/span><\/p><p style=\"margin-bottom: 0cm; line-height: normal;\"><span style=\"font-size: 13.0pt; font-family: 'Indie Flower'; color: #404040; mso-themecolor: text1; mso-themetint: 191;\">\u00a0<\/span><\/p><\/td><\/tr><\/tbody><\/table><p><span style=\"font-size: 13.0pt; line-height: 107%; font-family: 'Indie Flower'; color: #404040; mso-themecolor: text1; mso-themetint: 191;\">\u00a0<\/span><\/p><p style=\"text-align: right;\" align=\"right\"><b><span style=\"font-size: 16.0pt; line-height: 107%; font-family: 'Indie Flower'; color: #2f5496; mso-themecolor: accent1; mso-themeshade: 191;\">Precio: 8 euros por persona<\/span><\/b><\/p><p style=\"text-align: right;\" align=\"right\"><b><span style=\"font-size: 16.0pt; line-height: 107%; font-family: 'Indie Flower'; color: #2f5496; mso-themecolor: accent1; mso-themeshade: 191;\">Informaci\u00f3n e Inscripciones: <\/span><\/b><a href=\"mailto:info@inea.edu.es\"><b><span style=\"font-size: 16.0pt; line-height: 107%; font-family: 'Indie Flower';\">info@inea.edu.es<\/span><\/b><\/a><b><\/b><\/p><p style=\"text-align: right;\" align=\"right\"><b><span style=\"font-size: 16.0pt; line-height: 107%; font-family: 'Indie Flower'; color: #2f5496; mso-themecolor: accent1; mso-themeshade: 191;\">Lugar de celebraci\u00f3n: INEA, Camino Viejo de Simancas km 4,5 Valladolid<\/span><\/b><\/p><p><span style=\"font-size: 16.0pt; line-height: 107%;\">\u00a0<\/span><\/p>\t\t\t\t\t\t<\/div>\n\t\t\t\t<\/div>\n\t\t\t\t\t<\/div>\n\t\t<\/div>\n\t\t\t\t\t\t\t<\/div>\n\t\t<\/section>\n\t\t\t\t<section class=\"elementor-section elementor-top-section elementor-element elementor-element-abbde1a elementor-section-boxed elementor-section-height-default elementor-section-height-default\" data-id=\"abbde1a\" data-element_type=\"section\">\n\t\t\t\t\t\t<div class=\"elementor-container elementor-column-gap-default\">\n\t\t\t\t\t<div class=\"elementor-column elementor-col-100 elementor-top-column elementor-element elementor-element-57c6bc1\" data-id=\"57c6bc1\" data-element_type=\"column\">\n\t\t\t<div class=\"elementor-widget-wrap elementor-element-populated\">\n\t\t\t\t\t\t\t\t<div class=\"elementor-element elementor-element-4534837 elementor-widget elementor-widget-text-editor\" data-id=\"4534837\" data-element_type=\"widget\" data-widget_type=\"text-editor.default\">\n\t\t\t\t<div class=\"elementor-widget-container\">\n\t\t\t\t\t\t\t<p style=\"text-align: center; line-height: normal;\" align=\"center\"><b><span style=\"font-size: 16.0pt; font-family: 'Indie Flower'; mso-fareast-font-family: 'Times New Roman'; mso-bidi-font-family: 'Times New Roman'; mso-fareast-language: ES;\">JORNADA FORMACI\u00d3N<\/span><\/b><\/p><p style=\"text-align: center; line-height: normal;\" align=\"center\"><b><span style=\"font-size: 16.0pt; font-family: 'Indie Flower'; mso-fareast-font-family: 'Times New Roman'; mso-bidi-font-family: 'Times New Roman'; mso-fareast-language: ES;\">ECOLOG\u00cdA Y CUIDADO DE LA CASA COM\u00daN<\/span><\/b><\/p><p><b><span style=\"font-size: 18.0pt; line-height: 107%; font-family: 'Indie Flower';\">\u00a0<\/span><\/b><\/p><table style=\"border-collapse: collapse; border: initial none initial;\" border=\"1\" cellspacing=\"0\" cellpadding=\"0\"><tbody><tr><td style=\"width: 424.7pt; border-width: 1pt; border-color: windowtext; background: #e2efd9; padding: 0cm 5.4pt;\" valign=\"top\" width=\"566\"><p style=\"margin-bottom: 0cm; text-align: center; line-height: normal;\" align=\"center\"><b><span style=\"font-size: 14.0pt; font-family: 'Indie Flower'; color: #4472c4; mso-themecolor: accent1;\">VIERNES<\/span><\/b><\/p><p style=\"margin-bottom: 0cm; line-height: normal;\"><b><span style=\"font-size: 14.0pt; font-family: 'Indie Flower'; color: #4472c4; mso-themecolor: accent1;\">\u00a0<\/span><\/b><\/p><p style=\"margin-bottom: 0cm; line-height: normal;\"><b><span style=\"font-size: 12.0pt; font-family: 'Indie Flower'; color: #4472c4; mso-themecolor: accent1;\">11.00h-14.00h <\/span><\/b><span style=\"font-size: 12.0pt; font-family: 'Indie Flower'; color: #4472c4; mso-themecolor: accent1;\">Experiencia de los sentidos y conferencia sobre el tema de ecolog\u00eda en el contexto del proyecto de Ecolog\u00eda y Acogida Ana Leal.<\/span><\/p><p style=\"margin-bottom: 0cm; line-height: normal;\"><b><span style=\"font-size: 12.0pt; font-family: 'Indie Flower'; color: #4472c4; mso-themecolor: accent1;\">14.00h<\/span><\/b><span style=\"font-size: 12.0pt; font-family: 'Indie Flower'; color: #4472c4; mso-themecolor: accent1;\"> Comida<\/span><\/p><p style=\"margin-bottom: 0cm; line-height: normal;\"><b><span style=\"font-size: 12.0pt; font-family: 'Indie Flower'; color: #4472c4; mso-themecolor: accent1;\">16.00h- 18.00h <\/span><\/b><span style=\"font-size: 12.0pt; font-family: 'Indie Flower'; color: #4472c4; mso-themecolor: accent1;\">\u00a0Charla, din\u00e1mica y puesta en com\u00fan en torno a los problemas de la Casa Com\u00fan.<\/span><\/p><p style=\"margin-bottom: 0cm; line-height: normal;\"><b><span style=\"font-size: 12.0pt; font-family: 'Indie Flower'; color: #4472c4; mso-themecolor: accent1;\">18.00h <\/span><\/b><span style=\"font-size: 12.0pt; font-family: 'Indie Flower'; color: #4472c4; mso-themecolor: accent1;\">Descanso<\/span><\/p><p style=\"margin-bottom: 0cm; line-height: normal;\"><b><span style=\"font-size: 12.0pt; font-family: 'Indie Flower'; color: #4472c4; mso-themecolor: accent1;\">18.45h -20.45h <\/span><\/b><span style=\"font-size: 12.0pt; font-family: 'Indie Flower'; color: #4472c4; mso-themecolor: accent1;\">Testimonios de la comunidad, reflexi\u00f3n, recogida del d\u00eda y celebraci\u00f3n.<\/span><\/p><p style=\"margin-bottom: 0cm; line-height: normal;\"><b><span lang=\"PT\" style=\"font-size: 12.0pt; font-family: 'Indie Flower'; color: #4472c4; mso-themecolor: accent1; mso-ansi-language: PT;\">21.00h <\/span><\/b><span lang=\"PT\" style=\"font-size: 12.0pt; font-family: 'Indie Flower'; color: #4472c4; mso-themecolor: accent1; mso-ansi-language: PT;\">Cena.<\/span><\/p><p style=\"margin-bottom: 0cm; line-height: normal;\"><b><span lang=\"PT\" style=\"font-size: 12.0pt; font-family: 'Indie Flower'; color: #4472c4; mso-themecolor: accent1; mso-ansi-language: PT;\">22.00h<\/span><\/b><span lang=\"PT\" style=\"font-size: 12.0pt; font-family: 'Indie Flower'; color: #4472c4; mso-themecolor: accent1; mso-ansi-language: PT;\"> Encuentro-descanso<\/span><\/p><p style=\"margin-bottom: 0cm; line-height: normal;\"><b><span lang=\"PT\" style=\"font-size: 14.0pt; font-family: 'Indie Flower'; color: #4472c4; mso-themecolor: accent1; mso-ansi-language: PT;\">\u00a0<\/span><\/b><\/p><p style=\"margin-bottom: 0cm; text-align: center; line-height: normal;\" align=\"center\"><b><span lang=\"PT\" style=\"font-size: 14.0pt; font-family: 'Indie Flower'; color: #4472c4; mso-themecolor: accent1; mso-ansi-language: PT;\">S\u00c1BADO<\/span><\/b><\/p><p style=\"margin-bottom: 0cm; line-height: normal;\"><span lang=\"PT\" style=\"font-size: 14.0pt; font-family: 'Indie Flower'; color: #4472c4; mso-themecolor: accent1; mso-ansi-language: PT;\">\u00a0<\/span><\/p><p style=\"margin-bottom: 0cm; line-height: normal;\"><b><span style=\"font-size: 12.0pt; font-family: 'Indie Flower'; color: #4472c4; mso-themecolor: accent1;\">10.00h. <\/span><\/b><span style=\"font-size: 12.0pt; font-family: 'Indie Flower'; color: #4472c4; mso-themecolor: accent1;\">Itinerario espiritual.<\/span><\/p><p style=\"margin-bottom: 0cm; line-height: normal;\"><b><span style=\"font-size: 12.0pt; font-family: 'Indie Flower'; color: #4472c4; mso-themecolor: accent1;\">11.30h<\/span><\/b><span style=\"font-size: 12.0pt; font-family: 'Indie Flower'; color: #4472c4; mso-themecolor: accent1;\">. Descanso.<\/span><\/p><p style=\"margin-bottom: 0cm; line-height: normal;\"><b><span style=\"font-size: 12.0pt; font-family: 'Indie Flower'; color: #4472c4; mso-themecolor: accent1;\">12.00h. <\/span><\/b><span style=\"font-size: 12.0pt; font-family: 'Indie Flower'; color: #4472c4; mso-themecolor: accent1;\">Oraci\u00f3n ignaciana: contemplaci\u00f3n para alcanzar Amor.<\/span><\/p><p style=\"margin-bottom: 0cm; line-height: normal;\"><b><span style=\"font-size: 12.0pt; font-family: 'Indie Flower'; color: #4472c4; mso-themecolor: accent1;\">13.15 h. <\/span><\/b><span style=\"font-size: 12.0pt; font-family: 'Indie Flower'; color: #4472c4; mso-themecolor: accent1;\">Eucarist\u00eda.<\/span><\/p><p style=\"margin-bottom: 0cm; line-height: normal;\"><b><span style=\"font-size: 12.0pt; font-family: 'Indie Flower'; color: #4472c4; mso-themecolor: accent1;\">14.00h<\/span><\/b><span style=\"font-size: 12.0pt; font-family: 'Indie Flower'; color: #4472c4; mso-themecolor: accent1;\">. Comida<\/span><\/p><p style=\"margin-bottom: 0cm; line-height: normal;\"><b><span style=\"font-size: 18.0pt; font-family: 'Indie Flower';\">\u00a0<\/span><\/b><\/p><\/td><\/tr><\/tbody><\/table><p><b><span style=\"font-size: 18.0pt; line-height: 107%; font-family: 'Indie Flower';\">\u00a0<\/span><\/b><\/p><p style=\"text-align: right;\" align=\"right\"><b><span style=\"font-size: 12.0pt; line-height: 107%; font-family: 'Indie Flower'; color: #4472c4; mso-themecolor: accent1;\">PRECIO<\/span><\/b><span style=\"font-size: 12.0pt; line-height: 107%; font-family: 'Indie Flower'; color: #4472c4; mso-themecolor: accent1;\">: Todo completo, incluyendo alojamiento y comidas, 50 euros.<\/span><\/p><p style=\"text-align: right;\" align=\"right\"><b><span style=\"font-size: 12.0pt; line-height: 107%; font-family: 'Indie Flower'; color: #4472c4; mso-themecolor: accent1;\">N\u00daMERO DE PLAZAS: 15<\/span><\/b><\/p><p style=\"text-align: right;\" align=\"right\"><b><span style=\"font-size: 12.0pt; line-height: 107%; font-family: 'Indie Flower'; color: #4472c4; mso-themecolor: accent1;\">NOTA.<\/span><\/b><span style=\"font-size: 12.0pt; line-height: 107%; font-family: 'Indie Flower'; color: #4472c4; mso-themecolor: accent1;\"> El alojamiento se hace en el mismo centro de INEA compartiendo vivienda con la Comunidad de Acogida.\u00a0 Este alojamiento forma parte de la experiencia<\/span><\/p><p style=\"text-align: right;\" align=\"right\"><span style=\"color: #4472c4; font-family: 'Indie Flower'; font-size: 12pt; font-weight: var( --e-global-typography-text-font-weight );\">Estas Jornadas de Formaci\u00f3n se pueden bonificar por Formaci\u00f3n Continua.<\/span><\/p><p style=\"text-align: right;\" align=\"right\"><b style=\"color: var( --e-global-color-text ); font-family: var( --e-global-typography-text-font-family ), Sans-serif;\"><u><span style=\"font-size: 12.0pt; line-height: 107%; font-family: 'Indie Flower'; color: #2f5496; mso-themecolor: accent1; mso-themeshade: 191;\">ESTANCIAS FORMACI\u00d3N<\/span><\/u><\/b><\/p><p style=\"text-align: right; text-indent: 35.4pt;\" align=\"right\"><b><span style=\"font-size: 12.0pt; line-height: 107%; font-family: 'Indie Flower'; color: #2f5496; mso-themecolor: accent1; mso-themeshade: 191;\">25 y 26 de noviembre 2022<\/span><\/b><\/p><p style=\"text-align: right; text-indent: 35.4pt;\" align=\"right\"><b><span style=\"font-size: 12.0pt; line-height: 107%; font-family: 'Indie Flower'; color: #2f5496; mso-themecolor: accent1; mso-themeshade: 191;\">24 y 25 de febrero 2023<\/span><\/b><\/p><p style=\"text-align: right; text-indent: 35.4pt;\" align=\"right\"><b><span style=\"font-size: 12.0pt; line-height: 107%; font-family: 'Indie Flower'; color: #2f5496; mso-themecolor: accent1; mso-themeshade: 191;\">5 y 6 de mayo 2023<\/span><\/b><\/p><p style=\"text-align: right; text-indent: 35.4pt;\" align=\"right\"><b style=\"text-indent: 35.4pt; color: var( --e-global-color-text ); font-family: var( --e-global-typography-text-font-family ), Sans-serif;\"><span style=\"font-size: 12.0pt; line-height: 107%; font-family: 'Indie Flower'; color: #2f5496; mso-themecolor: accent1; mso-themeshade: 191;\">Inscripciones e Informaci\u00f3n\u00a0\u00a0 <a href=\"mailto:info@inea.edu.es\">info@inea.edu.es<\/a><\/span><\/b><\/p><p style=\"text-align: right; text-indent: 35.4pt;\" align=\"right\"><b><span style=\"font-size: 12.0pt; line-height: 107%; font-family: 'Indie Flower'; color: #2f5496; mso-themecolor: accent1; mso-themeshade: 191;\">Lugar de celebraci\u00f3n: INEA, Valladolid<\/span><\/b><\/p><p>\u00a0<\/p><p>\u00a0<\/p>\t\t\t\t\t\t<\/div>\n\t\t\t\t<\/div>\n\t\t\t\t\t<\/div>\n\t\t<\/div>\n\t\t\t\t\t\t\t<\/div>\n\t\t<\/section>\n\t\t\t\t<section class=\"elementor-section elementor-top-section elementor-element elementor-element-ab3c16d elementor-section-boxed elementor-section-height-default elementor-section-height-default\" data-id=\"ab3c16d\" data-element_type=\"section\">\n\t\t\t\t\t\t<div class=\"elementor-container elementor-column-gap-default\">\n\t\t\t\t\t<div class=\"elementor-column elementor-col-100 elementor-top-column elementor-element elementor-element-a21c05f\" data-id=\"a21c05f\" data-element_type=\"column\">\n\t\t\t<div class=\"elementor-widget-wrap elementor-element-populated\">\n\t\t\t\t\t\t\t\t<div class=\"elementor-element elementor-element-277f365 elementor-widget elementor-widget-text-editor\" data-id=\"277f365\" data-element_type=\"widget\" data-widget_type=\"text-editor.default\">\n\t\t\t\t<div class=\"elementor-widget-container\">\n\t\t\t\t\t\t\t<p><b style=\"color: var( --e-global-color-text ); font-family: var( --e-global-typography-text-font-family ), Sans-serif;\"><span style=\"font-size: 20.0pt; font-family: 'Indie Flower'; mso-fareast-font-family: 'Times New Roman'; mso-bidi-font-family: 'Times New Roman'; mso-fareast-language: ES;\">RETIROS S\u00c1BADO POR LA MA\u00d1ANA<\/span><\/b><\/p><p class=\"MsoNormal\" style=\"line-height: normal;\"><b><span style=\"font-size: 14.0pt; font-family: 'Indie Flower'; mso-fareast-font-family: 'Times New Roman'; mso-bidi-font-family: 'Times New Roman'; color: red; mso-fareast-language: ES;\">\u00a0<\/span><\/b><\/p><table class=\"MsoTableGrid\" style=\"border-collapse: collapse; border: initial none initial;\" border=\"1\" cellspacing=\"0\" cellpadding=\"0\"><tbody><tr><td style=\"width: 424.7pt; border-width: 1pt; border-color: windowtext; background: #e2efd9; padding: 0cm 5.4pt;\" valign=\"top\" width=\"566\"><p class=\"MsoNormal\" style=\"line-height: normal; vertical-align: baseline; margin: 0cm 0cm 0cm 36.0pt;\"><b><span style=\"font-size: 14.0pt; font-family: 'Indie Flower'; mso-fareast-font-family: 'Times New Roman'; mso-bidi-font-family: 'Times New Roman'; color: #4472c4; mso-fareast-language: ES;\">ECO-RETIRO DE S\u00c1BADO<\/span><\/b><\/p><p class=\"MsoNormal\" style=\"line-height: normal; vertical-align: baseline; margin: 0cm 0cm 0cm 36.0pt;\"><b><span style=\"font-size: 14.0pt; font-family: 'Indie Flower'; mso-fareast-font-family: 'Times New Roman'; mso-bidi-font-family: 'Times New Roman'; color: #4472c4; mso-fareast-language: ES;\">\u00a0<\/span><\/b><\/p><p class=\"MsoNormal\" style=\"line-height: normal; vertical-align: baseline; margin: 0cm 0cm 0cm 36.0pt;\"><span style=\"font-size: 14.0pt; font-family: 'Indie Flower'; mso-fareast-font-family: 'Times New Roman'; mso-bidi-font-family: 'Times New Roman'; color: #4472c4; mso-fareast-language: ES;\">10h. Itinerario Espiritual<\/span><\/p><p class=\"MsoNormal\" style=\"line-height: normal; vertical-align: baseline; margin: 0cm 0cm 0cm 36.0pt;\"><span style=\"font-size: 14.0pt; font-family: 'Indie Flower'; mso-fareast-font-family: 'Times New Roman'; mso-bidi-font-family: 'Times New Roman'; color: #4472c4; mso-fareast-language: ES;\">Descanso<\/span><\/p><p class=\"MsoNormal\" style=\"line-height: normal; vertical-align: baseline; margin: 0cm 0cm 0cm 36.0pt;\"><span style=\"font-size: 14.0pt; font-family: 'Indie Flower'; mso-fareast-font-family: 'Times New Roman'; mso-bidi-font-family: 'Times New Roman'; color: #4472c4; mso-fareast-language: ES;\">11.30h. Reflexi\u00f3n y puesta en com\u00fan por grupos.<\/span><\/p><p class=\"MsoNormal\" style=\"line-height: normal; vertical-align: baseline; margin: 0cm 0cm 0cm 36.0pt;\"><span style=\"font-size: 14.0pt; font-family: 'Indie Flower'; mso-fareast-font-family: 'Times New Roman'; mso-bidi-font-family: 'Times New Roman'; color: #4472c4; mso-fareast-language: ES;\">12.15h. Oraci\u00f3n ignaciana: contemplaci\u00f3n para alcanzar amor<\/span><\/p><p class=\"MsoNormal\" style=\"line-height: normal; vertical-align: baseline; margin: 0cm 0cm 0cm 36.0pt;\"><span style=\"font-size: 14.0pt; font-family: 'Indie Flower'; mso-fareast-font-family: 'Times New Roman'; mso-bidi-font-family: 'Times New Roman'; color: #4472c4; mso-fareast-language: ES;\">13.15h. Eucarist\u00eda<\/span><\/p><p class=\"MsoNormal\" style=\"margin-bottom: 0cm; line-height: normal;\"><span style=\"font-size: 14.0pt; font-family: 'Times New Roman',serif; mso-fareast-font-family: 'Times New Roman'; mso-fareast-language: ES;\">\u00a0<\/span><\/p><\/td><\/tr><\/tbody><\/table><p class=\"MsoNormal\" style=\"line-height: normal;\"><span style=\"font-size: 14.0pt; font-family: 'Times New Roman',serif; mso-fareast-font-family: 'Times New Roman'; mso-fareast-language: ES;\">\u00a0<\/span><\/p><p class=\"MsoListParagraphCxSpFirst\" style=\"text-align: right; text-indent: -18.0pt; mso-list: l0 level1 lfo1; tab-stops: list 36.0pt;\" align=\"right\"><!-- [if !supportLists]--><span style=\"font-size: 10.0pt; mso-bidi-font-size: 14.0pt; line-height: 107%; font-family: Symbol; mso-fareast-font-family: Symbol; mso-bidi-font-family: Symbol; color: #4472c4; mso-themecolor: accent1;\">\u00b7<span style=\"font-variant-numeric: normal; font-variant-east-asian: normal; font-stretch: normal; font-size: 7pt; line-height: normal; font-family: 'Times New Roman';\">\u00a0\u00a0\u00a0\u00a0\u00a0\u00a0 <\/span><\/span><!--[endif]--><b><span style=\"font-size: 14.0pt; line-height: 107%; font-family: 'Indie Flower'; color: #4472c4; mso-themecolor: accent1;\">PRECIO<\/span><\/b><span style=\"font-size: 14.0pt; line-height: 107%; font-family: 'Indie Flower'; color: #4472c4; mso-themecolor: accent1;\">: 8 euros.<\/span><\/p><p class=\"MsoListParagraphCxSpMiddle\" style=\"text-align: right; text-indent: -18.0pt; mso-list: l0 level1 lfo1; tab-stops: list 36.0pt;\" align=\"right\"><!-- [if !supportLists]--><span style=\"font-size: 10.0pt; mso-bidi-font-size: 14.0pt; line-height: 107%; font-family: Symbol; mso-fareast-font-family: Symbol; mso-bidi-font-family: Symbol; color: #4472c4; mso-themecolor: accent1; mso-bidi-font-weight: bold;\">\u00b7<span style=\"font-variant-numeric: normal; font-variant-east-asian: normal; font-stretch: normal; font-size: 7pt; line-height: normal; font-family: 'Times New Roman';\">\u00a0\u00a0\u00a0\u00a0\u00a0\u00a0 <\/span><\/span><!--[endif]--><b><span style=\"font-size: 14.0pt; line-height: 107%; font-family: 'Indie Flower'; color: #4472c4; mso-themecolor: accent1;\">N\u00daMERO DE PLAZAS: 15<\/span><\/b><\/p><p class=\"MsoListParagraphCxSpMiddle\" style=\"text-align: center;\" align=\"center\"><b><u><span style=\"font-size: 14.0pt; line-height: 107%; font-family: 'Indie Flower';\">\u00a0<\/span><\/u><\/b><\/p><p class=\"MsoListParagraphCxSpMiddle\" style=\"text-align: right; text-indent: -18.0pt; mso-list: l0 level1 lfo1; tab-stops: list 36.0pt;\" align=\"right\"><!-- [if !supportLists]--><span style=\"font-size: 10.0pt; mso-bidi-font-size: 14.0pt; line-height: 107%; font-family: Symbol; mso-fareast-font-family: Symbol; mso-bidi-font-family: Symbol; color: #2f5496; mso-themecolor: accent1; mso-themeshade: 191; mso-bidi-font-weight: bold;\">\u00b7<span style=\"font-variant-numeric: normal; font-variant-east-asian: normal; font-stretch: normal; font-size: 7pt; line-height: normal; font-family: 'Times New Roman';\">\u00a0\u00a0\u00a0\u00a0\u00a0\u00a0 <\/span><\/span><!--[endif]--><b><u><span style=\"font-size: 14.0pt; line-height: 107%; font-family: 'Indie Flower'; color: #2f5496; mso-themecolor: accent1; mso-themeshade: 191;\">RETIROS DE S\u00c1BADO<\/span><\/u><\/b><\/p><p class=\"MsoListParagraphCxSpMiddle\" style=\"text-align: right; text-indent: -18.0pt; mso-list: l0 level1 lfo1; tab-stops: list 36.0pt;\" align=\"right\"><!-- [if !supportLists]--><span style=\"font-size: 10.0pt; mso-bidi-font-size: 14.0pt; line-height: 107%; font-family: Symbol; mso-fareast-font-family: Symbol; mso-bidi-font-family: Symbol; color: #2f5496; mso-themecolor: accent1; mso-themeshade: 191; mso-bidi-font-weight: bold;\">\u00b7<span style=\"font-variant-numeric: normal; font-variant-east-asian: normal; font-stretch: normal; font-size: 7pt; line-height: normal; font-family: 'Times New Roman';\">\u00a0\u00a0\u00a0\u00a0\u00a0\u00a0 <\/span><\/span><!--[endif]--><b><span style=\"font-size: 14.0pt; line-height: 107%; font-family: 'Indie Flower'; color: #2f5496; mso-themecolor: accent1; mso-themeshade: 191;\">26 de noviembre 2022<\/span><\/b><\/p><p class=\"MsoListParagraphCxSpMiddle\" style=\"text-align: right; text-indent: -18.0pt; mso-list: l0 level1 lfo1; tab-stops: list 36.0pt;\" align=\"right\"><!-- [if !supportLists]--><span style=\"font-size: 10.0pt; mso-bidi-font-size: 14.0pt; line-height: 107%; font-family: Symbol; mso-fareast-font-family: Symbol; mso-bidi-font-family: Symbol; color: #2f5496; mso-themecolor: accent1; mso-themeshade: 191; mso-bidi-font-weight: bold;\">\u00b7<span style=\"font-variant-numeric: normal; font-variant-east-asian: normal; font-stretch: normal; font-size: 7pt; line-height: normal; font-family: 'Times New Roman';\">\u00a0\u00a0\u00a0\u00a0\u00a0\u00a0 <\/span><\/span><!--[endif]--><b><span style=\"font-size: 14.0pt; line-height: 107%; font-family: 'Indie Flower'; color: #2f5496; mso-themecolor: accent1; mso-themeshade: 191;\">25 de febrero 2023 <\/span><\/b><\/p><p class=\"MsoListParagraphCxSpMiddle\" style=\"text-align: right; text-indent: -18.0pt; mso-list: l0 level1 lfo1; tab-stops: list 36.0pt;\" align=\"right\"><!-- [if !supportLists]--><span style=\"font-size: 10.0pt; mso-bidi-font-size: 14.0pt; line-height: 107%; font-family: Symbol; mso-fareast-font-family: Symbol; mso-bidi-font-family: Symbol; color: #2f5496; mso-themecolor: accent1; mso-themeshade: 191; mso-bidi-font-weight: bold;\">\u00b7<span style=\"font-variant-numeric: normal; font-variant-east-asian: normal; font-stretch: normal; font-size: 7pt; line-height: normal; font-family: 'Times New Roman';\">\u00a0\u00a0\u00a0\u00a0\u00a0\u00a0 <\/span><\/span><!--[endif]--><b><span style=\"font-size: 14.0pt; line-height: 107%; font-family: 'Indie Flower'; color: #2f5496; mso-themecolor: accent1; mso-themeshade: 191;\">6 de mayo 2023<\/span><\/b><\/p><p class=\"MsoListParagraphCxSpMiddle\" style=\"text-align: right; text-indent: -18.0pt; mso-list: l0 level1 lfo1; tab-stops: list 36.0pt;\" align=\"right\"><!-- [if !supportLists]--><span style=\"font-size: 10.0pt; mso-bidi-font-size: 14.0pt; line-height: 107%; font-family: Symbol; mso-fareast-font-family: Symbol; mso-bidi-font-family: Symbol; color: #2f5496; mso-themecolor: accent1; mso-themeshade: 191; mso-bidi-font-weight: bold;\">\u00b7<span style=\"font-variant-numeric: normal; font-variant-east-asian: normal; font-stretch: normal; font-size: 7pt; line-height: normal; font-family: 'Times New Roman';\">\u00a0\u00a0\u00a0\u00a0\u00a0\u00a0 <\/span><\/span><!--[endif]--><b><span style=\"font-size: 14.0pt; line-height: 107%; font-family: 'Indie Flower'; color: #2f5496; mso-themecolor: accent1; mso-themeshade: 191;\">LUGAR: INEA, Valladolid<\/span><\/b><\/p><p class=\"MsoListParagraphCxSpMiddle\" style=\"text-align: center;\" align=\"center\"><b><span style=\"font-size: 14.0pt; line-height: 107%; font-family: 'Indie Flower'; color: #2f5496; mso-themecolor: accent1; mso-themeshade: 191;\">\u00a0<\/span><\/b><\/p><p class=\"MsoListParagraphCxSpLast\" style=\"text-align: center;\" align=\"center\"><b><span style=\"font-size: 14.0pt; line-height: 107%; font-family: 'Indie Flower'; color: #2f5496; mso-themecolor: accent1; mso-themeshade: 191;\">Inscripciones: info@inea.edu.e<\/span><\/b><\/p><p class=\"MsoNormal\">\u00a0<\/p>\t\t\t\t\t\t<\/div>\n\t\t\t\t<\/div>\n\t\t\t\t\t<\/div>\n\t\t<\/div>\n\t\t\t\t\t\t\t<\/div>\n\t\t<\/section>\n\t\t\t\t\t\t\t<\/div>\n\t\t","protected":false},"excerpt":{"rendered":"<p>AULA DE ECOLOG\u00cdA \u00a0Destinatarios: Grupos de alumno de ESO y BCHILLERATO \u00a0 \u00a0 9.30-10.00h. Llegada a INEA 9.30-10.30h. Taller de observaci\u00f3n de la naturaleza 10.30-11.30h. Taller sobre los huertos ecol\u00f3gicos 11.30h. Descanso 12.30-13.00h Actividad, juego en torno a la ecolog\u00eda, ginkanas, concursos, juegos de equipo, etc. \u00a0 \u00a0 Precio: 8 euros por persona Informaci\u00f3n e &#8230; <a title=\"Programa actividades 22-23\" class=\"read-more\" href=\"http:\/\/www.ecoinea.org\/index.php\/2022\/10\/21\/programa-actividades-22-23\/\">Leer m\u00e1s<span class=\"screen-reader-text\">Programa actividades 22-23<\/span><\/a><\/p>\n","protected":false},"author":1,"featured_media":4144,"comment_status":"open","ping_status":"open","sticky":false,"template":"","format":"standard","meta":{"footnotes":""},"categories":[81,145],"tags":[],"_links":{"self":[{"href":"http:\/\/www.ecoinea.org\/index.php\/wp-json\/wp\/v2\/posts\/4203"}],"collection":[{"href":"http:\/\/www.ecoinea.org\/index.php\/wp-json\/wp\/v2\/posts"}],"about":[{"href":"http:\/\/www.ecoinea.org\/index.php\/wp-json\/wp\/v2\/types\/post"}],"author":[{"embeddable":true,"href":"http:\/\/www.ecoinea.org\/index.php\/wp-json\/wp\/v2\/users\/1"}],"replies":[{"embeddable":true,"href":"http:\/\/www.ecoinea.org\/index.php\/wp-json\/wp\/v2\/comments?post=4203"}],"version-history":[{"count":23,"href":"http:\/\/www.ecoinea.org\/index.php\/wp-json\/wp\/v2\/posts\/4203\/revisions"}],"predecessor-version":[{"id":4227,"href":"http:\/\/www.ecoinea.org\/index.php\/wp-json\/wp\/v2\/posts\/4203\/revisions\/4227"}],"wp:featuredmedia":[{"embeddable":true,"href":"http:\/\/www.ecoinea.org\/index.php\/wp-json\/wp\/v2\/media\/4144"}],"wp:attachment":[{"href":"http:\/\/www.ecoinea.org\/index.php\/wp-json\/wp\/v2\/media?parent=4203"}],"wp:term":[{"taxonomy":"category","embeddable":true,"href":"http:\/\/www.ecoinea.org\/index.php\/wp-json\/wp\/v2\/categories?post=4203"},{"taxonomy":"post_tag","embeddable":true,"href":"http:\/\/www.ecoinea.org\/index.php\/wp-json\/wp\/v2\/tags?post=4203"}],"curies":[{"name":"wp","href":"https:\/\/api.w.org\/{rel}","templated":true}]}}