{"id":4332,"date":"2023-03-30T12:04:00","date_gmt":"2023-03-30T10:04:00","guid":{"rendered":"http:\/\/www.ecoinea.org\/?p=4332"},"modified":"2023-03-30T12:04:01","modified_gmt":"2023-03-30T10:04:01","slug":"la-entrana-musical-y-luminosa-de-la-tierra","status":"publish","type":"post","link":"http:\/\/www.ecoinea.org\/index.php\/2023\/03\/30\/la-entrana-musical-y-luminosa-de-la-tierra\/","title":{"rendered":"La entra\u00f1a musical y luminosa de la Tierra"},"content":{"rendered":"\n<p>Un acto indefinible, humanista y culto al arte y a la vida. El pasado mi\u00e9rcoles 22 de Marzo, la Sala Borja acogi\u00f3 un acto bajo el t\u00edtulo <strong><em>La entra\u00f1a musical y luminosa de la tierra<\/em><\/strong>\u00a0que trat\u00f3 de mostrar los caminos a trav\u00e9s de los cuales el arte, en todas sus manifestaciones, puede generar reflexi\u00f3n, conciencia y compromiso ecosocial. Reflexiones con palabras de Pedro Piedras y m\u00fasica interpretada por Clara Yiting, el compositor Arvo P\u00e4rt aparece proponiendo una revoluci\u00f3n de la sensibilidad, a partir de la m\u00e1xima: \u201cAmar cada sonido\u201d, que nos permite pensar el mundo desde cada puro \u00e1tomo de belleza. Otro compositor, esta vez del Renacimiento musical, William Byrd, se pregunta, a trav\u00e9s de su Quomodo Cantabimus (Salmo 137) c\u00f3mo cantar, c\u00f3mo contar, llamando a asumir as\u00ed tambi\u00e9n el reto est\u00e9tico de la forma como prioritario, a la hora de actuar en favor de un planeta y de un ser humano que sufren.<\/p>\n\n\n\n<figure class=\"wp-block-image\"><img fetchpriority=\"high\" decoding=\"async\" width=\"1024\" height=\"535\" src=\"http:\/\/www.ecoinea.org\/wp-content\/uploads\/2023\/03\/Clara-2-r-1024x535.jpg\" alt=\"\" class=\"wp-image-4333\" srcset=\"http:\/\/www.ecoinea.org\/wp-content\/uploads\/2023\/03\/Clara-2-r-1024x535.jpg 1024w, http:\/\/www.ecoinea.org\/wp-content\/uploads\/2023\/03\/Clara-2-r-1024x535-300x157.jpg 300w, http:\/\/www.ecoinea.org\/wp-content\/uploads\/2023\/03\/Clara-2-r-1024x535-768x401.jpg 768w, http:\/\/www.ecoinea.org\/wp-content\/uploads\/2023\/03\/Clara-2-r-1024x535-480x250.jpg 480w\" sizes=\"(max-width: 1024px) 100vw, 1024px\" \/><\/figure>\n\n\n\n<p>\n\nEl m\u00fasico Joseph Haydn, o el fot\u00f3grafo Ansel Adams, por su parte, plantean vivir la experiencia m\u00edstica de la luz, del conocimiento; una luz que nos hace jug\u00e1rnosla por la utop\u00eda o comprometernos de por vida por la naturaleza, como Ludovico Einaudi tocando sobre un bloque de hielo. Los rom\u00e1nticos nos ense\u00f1an a atrevernos a decir no, a todo lo que no nos gusta de nuestro tiempo. Stravinsky o Pina Bausch nos invitan a celebrar la naturaleza como rito, volviendo a contar el mito natural por antonomasia, la primavera. Pablo Neruda nos muestra el origen, para poder volver a \u00e9l. Tarkovsky nos llama a creer en el milagro de la vida. Max Richter nos acerca a devolver al arte a la plenitud original de la que s\u00f3lo es copia\u2026 devolviendo las Estaciones de Vivaldi al canto original de los p\u00e1jaros. Bach nos hace sabernos eternamente vivos en nuestra capacidad para emocionarnos y Chopin, sabernos sensibles y bellos. Todos ellos forman parte de una red universal e invisible, de un camino oculto pero verdadero hacia una nueva conciencia de la naturaleza y del ser humano.\n\n<\/p>\n","protected":false},"excerpt":{"rendered":"<p>Un acto indefinible, humanista y culto al arte y a la vida. El pasado mi\u00e9rcoles 22 de Marzo, la Sala Borja acogi\u00f3 un acto bajo el t\u00edtulo La entra\u00f1a musical y luminosa de la tierra\u00a0que trat\u00f3 de mostrar los caminos a trav\u00e9s de los cuales el arte, en todas sus manifestaciones, puede generar reflexi\u00f3n, conciencia &#8230; <a title=\"La entra\u00f1a musical y luminosa de la Tierra\" class=\"read-more\" href=\"http:\/\/www.ecoinea.org\/index.php\/2023\/03\/30\/la-entrana-musical-y-luminosa-de-la-tierra\/\">Leer m\u00e1s<span class=\"screen-reader-text\">La entra\u00f1a musical y luminosa de la Tierra<\/span><\/a><\/p>\n","protected":false},"author":1,"featured_media":4334,"comment_status":"closed","ping_status":"closed","sticky":false,"template":"","format":"standard","meta":{"footnotes":""},"categories":[84,81],"tags":[],"_links":{"self":[{"href":"http:\/\/www.ecoinea.org\/index.php\/wp-json\/wp\/v2\/posts\/4332"}],"collection":[{"href":"http:\/\/www.ecoinea.org\/index.php\/wp-json\/wp\/v2\/posts"}],"about":[{"href":"http:\/\/www.ecoinea.org\/index.php\/wp-json\/wp\/v2\/types\/post"}],"author":[{"embeddable":true,"href":"http:\/\/www.ecoinea.org\/index.php\/wp-json\/wp\/v2\/users\/1"}],"replies":[{"embeddable":true,"href":"http:\/\/www.ecoinea.org\/index.php\/wp-json\/wp\/v2\/comments?post=4332"}],"version-history":[{"count":1,"href":"http:\/\/www.ecoinea.org\/index.php\/wp-json\/wp\/v2\/posts\/4332\/revisions"}],"predecessor-version":[{"id":4335,"href":"http:\/\/www.ecoinea.org\/index.php\/wp-json\/wp\/v2\/posts\/4332\/revisions\/4335"}],"wp:featuredmedia":[{"embeddable":true,"href":"http:\/\/www.ecoinea.org\/index.php\/wp-json\/wp\/v2\/media\/4334"}],"wp:attachment":[{"href":"http:\/\/www.ecoinea.org\/index.php\/wp-json\/wp\/v2\/media?parent=4332"}],"wp:term":[{"taxonomy":"category","embeddable":true,"href":"http:\/\/www.ecoinea.org\/index.php\/wp-json\/wp\/v2\/categories?post=4332"},{"taxonomy":"post_tag","embeddable":true,"href":"http:\/\/www.ecoinea.org\/index.php\/wp-json\/wp\/v2\/tags?post=4332"}],"curies":[{"name":"wp","href":"https:\/\/api.w.org\/{rel}","templated":true}]}}