{"id":4344,"date":"2023-05-30T13:09:09","date_gmt":"2023-05-30T11:09:09","guid":{"rendered":"http:\/\/www.ecoinea.org\/?p=4344"},"modified":"2023-05-30T13:09:09","modified_gmt":"2023-05-30T11:09:09","slug":"eco-mayo-en-inea","status":"publish","type":"post","link":"http:\/\/www.ecoinea.org\/index.php\/2023\/05\/30\/eco-mayo-en-inea\/","title":{"rendered":"Eco mayo en INEA"},"content":{"rendered":"\n<p>El mes de Mayo en INEA ha tenido muchas actividades relacionadas con la Naturaleza, la ecolog\u00eda y los huertos. El d\u00eda 15 de mayo hemos celebrado la fiesta de san Isidro. En horario de tarde celebramos la Misa y la bendici\u00f3n de los campos. A continuaci\u00f3n hubo una actuaci\u00f3n del grupo de poetas y cantantes (Asociaci\u00f3n de poetas de la P\u00e9rgola) y finalmente un vino espa\u00f1ol. La misa estuvo amenizada por el Coro de personas mayores de san Juan (Voces de Olid) y los gaiteros los Fogatos.<\/p>\n\n\n\n<p>Tambi\u00e9n en este mes se ha publicado un video que recoge un excelente resumen del Proyecto de INEA. Este video se puede ver en esta misma p\u00e1gina.\u00a0<a rel=\"noreferrer noopener\" href=\"https:\/\/www.youtube.com\/watch?v=jFgH60hybUY\" target=\"_blank\">https:\/\/www.youtube.com\/watch?v=jFgH60hybUY<\/a><\/p>\n\n\n\n<iframe width=\"560\" height=\"315\" src=\"https:\/\/www.youtube.com\/embed\/jFgH60hybUY\" title=\"YouTube video player\" frameborder=\"0\" allow=\"accelerometer; autoplay; clipboard-write; encrypted-media; gyroscope; picture-in-picture; web-share\" allowfullscreen><\/iframe>\n\n\n\n<p>Y durante este mes, INEA se ha responsabilizado de los videos semanales #LosMartesVerdes, v\u00eddeo de corta duraci\u00f3n que ayudan a sensibilizarnos sobre temas de respeto socioambiental. Estos v\u00eddeos puedes verse en Lista de Reproducci\u00f3n LOS MARTES VERDES&nbsp;<a href=\"https:\/\/youtube.com\/playlist?list=PLGNzxqSe-OyVPq-8JJD0LwdNrXKIQFTit\" target=\"_blank\" rel=\"noreferrer noopener\">https:\/\/youtube.com\/playlist?list=PLGNzxqSe-OyVPq-8JJD0LwdNrXKIQFTit<\/a><\/p>\n\n\n\n<p>Por otro lado los alumnos de los cursos de florister\u00eda prepararon una exposici\u00f3n de mariposas gigantes que se expusieron un fin de semana en la Calle Plater\u00edas de Valladolid con gran \u00e9xito de p\u00fablico debido a la creatividad y novedad de la misma. Todos los cursos de jardiner\u00eda, agricultura ecol\u00f3gica y florister\u00eda se est\u00e1n desarrollando con \u00e9xito en INEA.<\/p>\n\n\n\n<p>Por su parte los alumnos de Grado han terminado sus clases y est\u00e1n ahora en ex\u00e1menes. Esperemos que haya una buena cosecha.<\/p>\n\n\n\n<p>EL mes de mayo ha sido el mes de gran actividad en los huertos. Los hortelanos se han lanzado a poblar sus huertos de pl\u00e1ntulas de todo tipo acompa\u00f1ados por el buen tiempo en la primera mitad, aunque la segunda mitad de mes ha hecho mucho viento y tambi\u00e9n terminamos el mes con lluvias. La plantilla se ha reforzado tanto con empleados como personas en pr\u00e1cticas.<\/p>\n\n\n\n<p>Tambi\u00e9n hemos recibido algunas visitas a lo largo del mes de Mayo en INEA como los grupos de escuelas donde hay huertos escolares en Valladolid, las concejalas de educaci\u00f3n y bienestar social, etc.<\/p>\n","protected":false},"excerpt":{"rendered":"<p>Actividades ambientales del mes de Mayo en INEA<\/p>\n","protected":false},"author":1,"featured_media":4085,"comment_status":"open","ping_status":"open","sticky":false,"template":"","format":"standard","meta":{"footnotes":""},"categories":[81],"tags":[],"_links":{"self":[{"href":"http:\/\/www.ecoinea.org\/index.php\/wp-json\/wp\/v2\/posts\/4344"}],"collection":[{"href":"http:\/\/www.ecoinea.org\/index.php\/wp-json\/wp\/v2\/posts"}],"about":[{"href":"http:\/\/www.ecoinea.org\/index.php\/wp-json\/wp\/v2\/types\/post"}],"author":[{"embeddable":true,"href":"http:\/\/www.ecoinea.org\/index.php\/wp-json\/wp\/v2\/users\/1"}],"replies":[{"embeddable":true,"href":"http:\/\/www.ecoinea.org\/index.php\/wp-json\/wp\/v2\/comments?post=4344"}],"version-history":[{"count":1,"href":"http:\/\/www.ecoinea.org\/index.php\/wp-json\/wp\/v2\/posts\/4344\/revisions"}],"predecessor-version":[{"id":4345,"href":"http:\/\/www.ecoinea.org\/index.php\/wp-json\/wp\/v2\/posts\/4344\/revisions\/4345"}],"wp:featuredmedia":[{"embeddable":true,"href":"http:\/\/www.ecoinea.org\/index.php\/wp-json\/wp\/v2\/media\/4085"}],"wp:attachment":[{"href":"http:\/\/www.ecoinea.org\/index.php\/wp-json\/wp\/v2\/media?parent=4344"}],"wp:term":[{"taxonomy":"category","embeddable":true,"href":"http:\/\/www.ecoinea.org\/index.php\/wp-json\/wp\/v2\/categories?post=4344"},{"taxonomy":"post_tag","embeddable":true,"href":"http:\/\/www.ecoinea.org\/index.php\/wp-json\/wp\/v2\/tags?post=4344"}],"curies":[{"name":"wp","href":"https:\/\/api.w.org\/{rel}","templated":true}]}}