{"id":447,"date":"2014-06-29T16:43:46","date_gmt":"2014-06-29T16:43:46","guid":{"rendered":"http:\/\/pai.inea.org\/?p=447"},"modified":"2018-06-14T07:52:43","modified_gmt":"2018-06-14T07:52:43","slug":"celebrado-bioyantar","status":"publish","type":"post","link":"http:\/\/www.ecoinea.org\/index.php\/2014\/06\/29\/celebrado-bioyantar\/","title":{"rendered":"Celebrado Bioyantar"},"content":{"rendered":"<p>Bioyantar se instituy\u00f3 como la primera feria agroecol\u00f3gica de Valladolid en octubre de 2012 y este fin de semana -14 y 15 de junio de 2014- ha regresado con una nueva edici\u00f3n en la C\u00fapula del Milenio, fiel al compromiso con un proyecto que conecta agroecolog\u00eda y comercio justo. Es una apuesta grande de la Escuela Universitaria de Ingenier\u00eda Agr\u00edcola INEA adscrita a la UVA por aunar empresas, consumidores, instituciones, ONG\u00b4s, y sobre todo, personas, que comparten una filosof\u00eda dentro y fuera del recinto ferial: el anhelo de un mundo mejor, solidario y respetuoso con el medio ambiente. Un evento que cuenta con el apoyo de la Obra Social La Caixa y el Ayuntamiento de Valladolid, entre otras.<\/p>\n<p>Re\u00fane a 60 expositores que comparten esta filosof\u00eda y tambi\u00e9n representan a esa gran cadena humana que hace posible que el ciudadano disfrute de productos que respetan el medio ambiente e integren a las personas. Hay mucha variedad de productos y lo mejor es adentrarse en las propuestas de cada uno y disfrutar de la compa\u00f1\u00eda de quienes la hacen posible.<\/p>\n","protected":false},"excerpt":{"rendered":"<p>Bioyantar se instituy\u00f3 como la primera feria agroecol\u00f3gica de Valladolid en octubre de 2012 y este fin de semana -14 y 15 de junio de 2014- ha regresado con una nueva edici\u00f3n en la C\u00fapula del Milenio, fiel al compromiso con un proyecto que conecta agroecolog\u00eda y comercio justo. Es una apuesta grande de la &#8230; <a title=\"Celebrado Bioyantar\" class=\"read-more\" href=\"http:\/\/www.ecoinea.org\/index.php\/2014\/06\/29\/celebrado-bioyantar\/\">Leer m\u00e1s<span class=\"screen-reader-text\">Celebrado Bioyantar<\/span><\/a><\/p>\n","protected":false},"author":1,"featured_media":0,"comment_status":"closed","ping_status":"closed","sticky":false,"template":"","format":"standard","meta":{"footnotes":""},"categories":[81],"tags":[99,132,96],"_links":{"self":[{"href":"http:\/\/www.ecoinea.org\/index.php\/wp-json\/wp\/v2\/posts\/447"}],"collection":[{"href":"http:\/\/www.ecoinea.org\/index.php\/wp-json\/wp\/v2\/posts"}],"about":[{"href":"http:\/\/www.ecoinea.org\/index.php\/wp-json\/wp\/v2\/types\/post"}],"author":[{"embeddable":true,"href":"http:\/\/www.ecoinea.org\/index.php\/wp-json\/wp\/v2\/users\/1"}],"replies":[{"embeddable":true,"href":"http:\/\/www.ecoinea.org\/index.php\/wp-json\/wp\/v2\/comments?post=447"}],"version-history":[{"count":3,"href":"http:\/\/www.ecoinea.org\/index.php\/wp-json\/wp\/v2\/posts\/447\/revisions"}],"predecessor-version":[{"id":1923,"href":"http:\/\/www.ecoinea.org\/index.php\/wp-json\/wp\/v2\/posts\/447\/revisions\/1923"}],"wp:attachment":[{"href":"http:\/\/www.ecoinea.org\/index.php\/wp-json\/wp\/v2\/media?parent=447"}],"wp:term":[{"taxonomy":"category","embeddable":true,"href":"http:\/\/www.ecoinea.org\/index.php\/wp-json\/wp\/v2\/categories?post=447"},{"taxonomy":"post_tag","embeddable":true,"href":"http:\/\/www.ecoinea.org\/index.php\/wp-json\/wp\/v2\/tags?post=447"}],"curies":[{"name":"wp","href":"https:\/\/api.w.org\/{rel}","templated":true}]}}