{"id":454,"date":"2014-07-20T09:35:37","date_gmt":"2014-07-20T09:35:37","guid":{"rendered":"http:\/\/pai.inea.org\/?p=454"},"modified":"2018-06-14T07:50:25","modified_gmt":"2018-06-14T07:50:25","slug":"huertos-y-hortelanos-quien-da-vida-a-quien","status":"publish","type":"post","link":"http:\/\/www.ecoinea.org\/index.php\/2014\/07\/20\/huertos-y-hortelanos-quien-da-vida-a-quien\/","title":{"rendered":"Huertos y hortelanos \u00bfqui\u00e9n da vida a qui\u00e9n?"},"content":{"rendered":"<p>\u201cHago vida en el huerto\u201d. Santiago, top\u00f3grafo de 58 a\u00f1os de edad, usuario de los huertos urbanos para desempleados que coordina INEA, no se \u201catrev\u00eda\u201d a levantar de la cama antes de las 11h. porque no ten\u00eda nada que hacer ni dinero con qu\u00e9 comprar. De escondido entre las s\u00e1banas a brotar en los huertos del Parque Alameda. A Santiago en los \u00faltimos dos meses es como si lo hubieran germinado en su parcela de 50 metros cuadrados y por cada labor de arado, siembra, riego y poda, \u00e9l mismo creciese y aflorase. \u00a0Este trabajo se ha convertido en esa savia que le pone en el huerto a primera hora de la ma\u00f1ana y le da fuerza para compartir con otros compa\u00f1eros hortelanos, parados como \u00e9l, inquietudes que no faltan: \u201cDificultades, muchas. Pero entre todos, son menos dificultades\u201d.<\/p>\n<p>Huertos y hortelanos han aflorado al mismo tiempo y hoy es el d\u00eda que ellos se vuelven a casa con tomates y acelgas y regresan a la ma\u00f1ana siguiente con la ilusi\u00f3n de qu\u00e9 hortaliza recoger\u00e1n\u00a0\u00a0y con qui\u00e9nes charlar\u00e1n de lo divino y de lo humano. Mucho ha crecido este proyecto creado por el Ayuntamiento y coordinado por INEA, plantas diversas y tambi\u00e9n amistades. Por all\u00ed llega Paco con su hija Andrea. Santiago y \u00e9l se han ayudado mucho desde que se plantaron all\u00ed con todos los temores. De su \u00faltimo trabajo de gutinador, el que bombea hormig\u00f3n con fuerza, a regar con tiento las \u00a0lechugas y tomates hay todo un proceso. \u201cNo ten\u00eda ni idea y el huerto me ha sacado de casa, me ha permitido conocer gente nueva y tener algo que hacer\u201d. Hoy los dos y otros muchos se cuidan mutuamente las parcelas si alguno falta, se dejan las herramientas, se dan plantas, se acompa\u00f1an, celebran meriendas&#8230;unidos en la dificultad afrontan el lugar a donde les ha llevado el paro, muchos, incluso, esquivando la verg\u00fcenza.<\/p>\n<p>\u201cAhora son ellos los que donan y llevan a la parroquia porque dicen que en su d\u00eda ella tambi\u00e9n les ayud\u00f3\u201d, reconoce sorprendida Laura Dominguez, la t\u00e9cnico de INEA que forma, asesora y cuida en los cuatro espacios de la ciudad por donde est\u00e1n estos huertos: Barrio Espa\u00f1a, Santos-Pilarica, Parque Alameda y La Victoria. Su primer d\u00eda del proyecto lo recuerda como el peor y m\u00e1s abrumador. \u201cTen\u00e9is que trabajar\u201d, arengaba Laura a los hortelanos desencantados de la vida y de las condiciones del terreno del que supuestamente saldr\u00edan hortalizas para llevar a casa. A d\u00eda de hoy, adem\u00e1s de ayudar a los 184 desempleados en sus labores, acompa\u00f1a y gu\u00eda en la siembra de los huertos comunitarios en el que se han involucrado muchos de ellos. Carmen, trabajadora del ITA, es la \u00fanica que se ha inscrito para llevar un huerto comunitario en Parque Alameda cuyos frutos ir\u00e1n destinados a una ONG (Entrevecinos, Red Incola y Banco de Alimentos). Pero no estar\u00e1 sola porque un nutrido grupo de hortelanos desempleados se ha comprometido con ella a sacarlo adelante. No es lo \u00fanico comunitario. Ah\u00ed est\u00e1 \u00a0Hortilandia, el huerto para peque\u00f1os que entre surco y surco, nacen hortalizas custodiadas por un espantap\u00e1jaros creado por ellos. Gestos como estos son para Laura los aut\u00e9nticos frutos de un proyecto tan especial: \u201cResponde a dos necesidades, la econ\u00f3mica, porque pueden llevarse algo a casa, y de la cabeza, porque charlan, se escuchan y se acompa\u00f1an\u201d.<\/p>\n<p><a href=\"http:\/\/www.ecoinea.org\/wp-content\/uploads\/2014\/07\/l_huertos-1.jpg\"><img fetchpriority=\"high\" decoding=\"async\" class=\"aligncenter wp-image-455 size-full\" src=\"http:\/\/www.ecoinea.org\/wp-content\/uploads\/2014\/07\/l_huertos-1.jpg\" alt=\"\" width=\"454\" height=\"340\" srcset=\"http:\/\/www.ecoinea.org\/wp-content\/uploads\/2014\/07\/l_huertos-1.jpg 454w, http:\/\/www.ecoinea.org\/wp-content\/uploads\/2014\/07\/l_huertos-1-300x225.jpg 300w\" sizes=\"(max-width: 454px) 100vw, 454px\" \/><\/a><\/p>\n","protected":false},"excerpt":{"rendered":"<p>\u201cHago vida en el huerto\u201d. Santiago, top\u00f3grafo de 58 a\u00f1os de edad, usuario de los huertos urbanos para desempleados que coordina INEA, no se \u201catrev\u00eda\u201d a levantar de la cama antes de las 11h. porque no ten\u00eda nada que hacer ni dinero con qu\u00e9 comprar. De escondido entre las s\u00e1banas a brotar en los huertos &#8230; <a title=\"Huertos y hortelanos \u00bfqui\u00e9n da vida a qui\u00e9n?\" class=\"read-more\" href=\"http:\/\/www.ecoinea.org\/index.php\/2014\/07\/20\/huertos-y-hortelanos-quien-da-vida-a-quien\/\">Leer m\u00e1s<span class=\"screen-reader-text\">Huertos y hortelanos \u00bfqui\u00e9n da vida a qui\u00e9n?<\/span><\/a><\/p>\n","protected":false},"author":1,"featured_media":0,"comment_status":"closed","ping_status":"closed","sticky":false,"template":"","format":"standard","meta":{"footnotes":""},"categories":[82,81],"tags":[98,96],"_links":{"self":[{"href":"http:\/\/www.ecoinea.org\/index.php\/wp-json\/wp\/v2\/posts\/454"}],"collection":[{"href":"http:\/\/www.ecoinea.org\/index.php\/wp-json\/wp\/v2\/posts"}],"about":[{"href":"http:\/\/www.ecoinea.org\/index.php\/wp-json\/wp\/v2\/types\/post"}],"author":[{"embeddable":true,"href":"http:\/\/www.ecoinea.org\/index.php\/wp-json\/wp\/v2\/users\/1"}],"replies":[{"embeddable":true,"href":"http:\/\/www.ecoinea.org\/index.php\/wp-json\/wp\/v2\/comments?post=454"}],"version-history":[{"count":2,"href":"http:\/\/www.ecoinea.org\/index.php\/wp-json\/wp\/v2\/posts\/454\/revisions"}],"predecessor-version":[{"id":1804,"href":"http:\/\/www.ecoinea.org\/index.php\/wp-json\/wp\/v2\/posts\/454\/revisions\/1804"}],"wp:attachment":[{"href":"http:\/\/www.ecoinea.org\/index.php\/wp-json\/wp\/v2\/media?parent=454"}],"wp:term":[{"taxonomy":"category","embeddable":true,"href":"http:\/\/www.ecoinea.org\/index.php\/wp-json\/wp\/v2\/categories?post=454"},{"taxonomy":"post_tag","embeddable":true,"href":"http:\/\/www.ecoinea.org\/index.php\/wp-json\/wp\/v2\/tags?post=454"}],"curies":[{"name":"wp","href":"https:\/\/api.w.org\/{rel}","templated":true}]}}