{"id":464,"date":"2015-01-24T16:16:08","date_gmt":"2015-01-24T16:16:08","guid":{"rendered":"http:\/\/pai.inea.org\/?p=464"},"modified":"2018-06-14T07:42:56","modified_gmt":"2018-06-14T07:42:56","slug":"reunion-idi","status":"publish","type":"post","link":"http:\/\/www.ecoinea.org\/index.php\/2015\/01\/24\/reunion-idi\/","title":{"rendered":"Reuni\u00f3n I+D+i"},"content":{"rendered":"<p>Hace unos d\u00edas nos hemos reunido un grupo de personas de INEA y de investigadores y productores de agricultura ecol\u00f3gica para valorar las \u00a0posibilidades de trabajar juntos en temas de ecolog\u00eda. Queremos colaborar, hacer cosas juntos y cosas que contribuyan a que la AE avance en Castilla y Le\u00f3n. La reuni\u00f3n cont\u00f3 con unos 14 participantes y a partir de ah\u00ed, Inea va a ir proponiendo cosas al grupo a fin de ser capaces de ir concretando alg\u00fan proyecto que suscite el inter\u00e9s com\u00fan. Todos los presentes ven\u00edamos de campos muy diversos aunque todos ligados de una y otra manera a la experimentaci\u00f3n y a la investigaci\u00f3n en AE. Los temas de los que m\u00e1s hemos hablado han sido semillas, cultivos \u00a0herb\u00e1ceos, compostaje, soja, prote\u00edna animal, etc.<\/p>\n<p><a href=\"http:\/\/www.ecoinea.org\/wp-content\/uploads\/2015\/01\/20150112_180125.jpg\"><img fetchpriority=\"high\" decoding=\"async\" class=\"aligncenter wp-image-468 size-large\" src=\"http:\/\/www.ecoinea.org\/wp-content\/uploads\/2015\/01\/20150112_180125-1024x768.jpg\" alt=\"20150112_180125\" width=\"1024\" height=\"768\" srcset=\"http:\/\/www.ecoinea.org\/wp-content\/uploads\/2015\/01\/20150112_180125-1024x768.jpg 1024w, http:\/\/www.ecoinea.org\/wp-content\/uploads\/2015\/01\/20150112_180125-300x225.jpg 300w, http:\/\/www.ecoinea.org\/wp-content\/uploads\/2015\/01\/20150112_180125-768x576.jpg 768w, http:\/\/www.ecoinea.org\/wp-content\/uploads\/2015\/01\/20150112_180125.jpg 2048w\" sizes=\"(max-width: 1024px) 100vw, 1024px\" \/><\/a><\/p>\n","protected":false},"excerpt":{"rendered":"<p>Hace unos d\u00edas nos hemos reunido un grupo de personas de INEA y de investigadores y productores de agricultura ecol\u00f3gica para valorar las \u00a0posibilidades de trabajar juntos en temas de ecolog\u00eda. Queremos colaborar, hacer cosas juntos y cosas que contribuyan a que la AE avance en Castilla y Le\u00f3n. La reuni\u00f3n cont\u00f3 con unos 14 &#8230; <a title=\"Reuni\u00f3n I+D+i\" class=\"read-more\" href=\"http:\/\/www.ecoinea.org\/index.php\/2015\/01\/24\/reunion-idi\/\">Leer m\u00e1s<span class=\"screen-reader-text\">Reuni\u00f3n I+D+i<\/span><\/a><\/p>\n","protected":false},"author":1,"featured_media":0,"comment_status":"closed","ping_status":"closed","sticky":false,"template":"","format":"standard","meta":{"footnotes":""},"categories":[81],"tags":[89,90,96,114],"_links":{"self":[{"href":"http:\/\/www.ecoinea.org\/index.php\/wp-json\/wp\/v2\/posts\/464"}],"collection":[{"href":"http:\/\/www.ecoinea.org\/index.php\/wp-json\/wp\/v2\/posts"}],"about":[{"href":"http:\/\/www.ecoinea.org\/index.php\/wp-json\/wp\/v2\/types\/post"}],"author":[{"embeddable":true,"href":"http:\/\/www.ecoinea.org\/index.php\/wp-json\/wp\/v2\/users\/1"}],"replies":[{"embeddable":true,"href":"http:\/\/www.ecoinea.org\/index.php\/wp-json\/wp\/v2\/comments?post=464"}],"version-history":[{"count":1,"href":"http:\/\/www.ecoinea.org\/index.php\/wp-json\/wp\/v2\/posts\/464\/revisions"}],"predecessor-version":[{"id":1345,"href":"http:\/\/www.ecoinea.org\/index.php\/wp-json\/wp\/v2\/posts\/464\/revisions\/1345"}],"wp:attachment":[{"href":"http:\/\/www.ecoinea.org\/index.php\/wp-json\/wp\/v2\/media?parent=464"}],"wp:term":[{"taxonomy":"category","embeddable":true,"href":"http:\/\/www.ecoinea.org\/index.php\/wp-json\/wp\/v2\/categories?post=464"},{"taxonomy":"post_tag","embeddable":true,"href":"http:\/\/www.ecoinea.org\/index.php\/wp-json\/wp\/v2\/tags?post=464"}],"curies":[{"name":"wp","href":"https:\/\/api.w.org\/{rel}","templated":true}]}}