{"id":474,"date":"2015-06-08T10:52:26","date_gmt":"2015-06-08T10:52:26","guid":{"rendered":"http:\/\/pai.inea.org\/?p=474"},"modified":"2018-06-14T07:40:47","modified_gmt":"2018-06-14T07:40:47","slug":"nuevo-huerto-comunitario","status":"publish","type":"post","link":"http:\/\/www.ecoinea.org\/index.php\/2015\/06\/08\/nuevo-huerto-comunitario\/","title":{"rendered":"Nuevo Huerto Comunitario"},"content":{"rendered":"<p>Un grupo de hortelanos de los huertos ecol\u00f3gicos de INEA han organizado un huerto ecol\u00f3gico con fines solidarios; le llaman huerto comunitario. Toda la producci\u00f3n se va a dedicar al mercadillo de septiembre y al banco de alimentos de red \u00cdncola. Una buena iniciativa que se suma a los otros cuatro huertos comunitarios que ya existen en los Huertos urbanos para desempleados en Valladolid.<\/p>\n","protected":false},"excerpt":{"rendered":"<p>Un grupo de hortelanos de los huertos ecol\u00f3gicos de INEA han organizado un huerto ecol\u00f3gico con fines solidarios; le llaman huerto comunitario. Toda la producci\u00f3n se va a dedicar al mercadillo de septiembre y al banco de alimentos de red \u00cdncola. Una buena iniciativa que se suma a los otros cuatro huertos comunitarios que ya &#8230; <a title=\"Nuevo Huerto Comunitario\" class=\"read-more\" href=\"http:\/\/www.ecoinea.org\/index.php\/2015\/06\/08\/nuevo-huerto-comunitario\/\">Leer m\u00e1s<span class=\"screen-reader-text\">Nuevo Huerto Comunitario<\/span><\/a><\/p>\n","protected":false},"author":1,"featured_media":0,"comment_status":"closed","ping_status":"closed","sticky":false,"template":"","format":"standard","meta":{"footnotes":""},"categories":[84,82,81],"tags":[98],"_links":{"self":[{"href":"http:\/\/www.ecoinea.org\/index.php\/wp-json\/wp\/v2\/posts\/474"}],"collection":[{"href":"http:\/\/www.ecoinea.org\/index.php\/wp-json\/wp\/v2\/posts"}],"about":[{"href":"http:\/\/www.ecoinea.org\/index.php\/wp-json\/wp\/v2\/types\/post"}],"author":[{"embeddable":true,"href":"http:\/\/www.ecoinea.org\/index.php\/wp-json\/wp\/v2\/users\/1"}],"replies":[{"embeddable":true,"href":"http:\/\/www.ecoinea.org\/index.php\/wp-json\/wp\/v2\/comments?post=474"}],"version-history":[{"count":3,"href":"http:\/\/www.ecoinea.org\/index.php\/wp-json\/wp\/v2\/posts\/474\/revisions"}],"predecessor-version":[{"id":1911,"href":"http:\/\/www.ecoinea.org\/index.php\/wp-json\/wp\/v2\/posts\/474\/revisions\/1911"}],"wp:attachment":[{"href":"http:\/\/www.ecoinea.org\/index.php\/wp-json\/wp\/v2\/media?parent=474"}],"wp:term":[{"taxonomy":"category","embeddable":true,"href":"http:\/\/www.ecoinea.org\/index.php\/wp-json\/wp\/v2\/categories?post=474"},{"taxonomy":"post_tag","embeddable":true,"href":"http:\/\/www.ecoinea.org\/index.php\/wp-json\/wp\/v2\/tags?post=474"}],"curies":[{"name":"wp","href":"https:\/\/api.w.org\/{rel}","templated":true}]}}