{"id":487,"date":"2015-08-16T10:59:25","date_gmt":"2015-08-16T10:59:25","guid":{"rendered":"http:\/\/pai.inea.org\/?p=487"},"modified":"2018-06-14T07:54:06","modified_gmt":"2018-06-14T07:54:06","slug":"iii-feria-bioyantar","status":"publish","type":"post","link":"http:\/\/www.ecoinea.org\/index.php\/2015\/08\/16\/iii-feria-bioyantar\/","title":{"rendered":"III Feria BIOYANTAR"},"content":{"rendered":"<p>La III edici\u00f3n de la Feria Bioyantar se celebrar\u00e1 en la Feria de Muestras de Valladolid los d\u00edas 24 y 25 de Octubre.<\/p>\n<p>Est\u00e1 abierta la fase de solicitud de stands para los expositores que deber\u00e1n contactar con Juan Luis Fradejas jlfrasas@hotmail.com. El cambio de fecha, la nueva ubicaci\u00f3n hablan de una lanzamiento de la Feria de Bioyantar hacia metas mayores.<\/p>\n<p>Adem\u00e1s de la feria de aproductos ecol\u00f3gicos y de comercio justo, este a\u00f1o el tema social de la feria ser\u00e1 el de la pobreza infantil: habr\u00e1 talleres para ni\u00f1os, exposiciones, etc.<\/p>\n<p>La Feria cuenta con el apoyo del Magrama, Diputaci\u00f3n de Valladolid, Ayuntamiento de Valladolid y Caixabank.<\/p>\n<p>&nbsp;<\/p>\n","protected":false},"excerpt":{"rendered":"<p>La III edici\u00f3n de la Feria Bioyantar se celebrar\u00e1 en la Feria de Muestras de Valladolid los d\u00edas 24 y 25 de Octubre. Est\u00e1 abierta la fase de solicitud de stands para los expositores que deber\u00e1n contactar con Juan Luis Fradejas jlfrasas@hotmail.com. El cambio de fecha, la nueva ubicaci\u00f3n hablan de una lanzamiento de la &#8230; <a title=\"III Feria BIOYANTAR\" class=\"read-more\" href=\"http:\/\/www.ecoinea.org\/index.php\/2015\/08\/16\/iii-feria-bioyantar\/\">Leer m\u00e1s<span class=\"screen-reader-text\">III Feria BIOYANTAR<\/span><\/a><\/p>\n","protected":false},"author":1,"featured_media":0,"comment_status":"closed","ping_status":"closed","sticky":false,"template":"","format":"standard","meta":{"footnotes":""},"categories":[81],"tags":[134,132],"_links":{"self":[{"href":"http:\/\/www.ecoinea.org\/index.php\/wp-json\/wp\/v2\/posts\/487"}],"collection":[{"href":"http:\/\/www.ecoinea.org\/index.php\/wp-json\/wp\/v2\/posts"}],"about":[{"href":"http:\/\/www.ecoinea.org\/index.php\/wp-json\/wp\/v2\/types\/post"}],"author":[{"embeddable":true,"href":"http:\/\/www.ecoinea.org\/index.php\/wp-json\/wp\/v2\/users\/1"}],"replies":[{"embeddable":true,"href":"http:\/\/www.ecoinea.org\/index.php\/wp-json\/wp\/v2\/comments?post=487"}],"version-history":[{"count":3,"href":"http:\/\/www.ecoinea.org\/index.php\/wp-json\/wp\/v2\/posts\/487\/revisions"}],"predecessor-version":[{"id":1905,"href":"http:\/\/www.ecoinea.org\/index.php\/wp-json\/wp\/v2\/posts\/487\/revisions\/1905"}],"wp:attachment":[{"href":"http:\/\/www.ecoinea.org\/index.php\/wp-json\/wp\/v2\/media?parent=487"}],"wp:term":[{"taxonomy":"category","embeddable":true,"href":"http:\/\/www.ecoinea.org\/index.php\/wp-json\/wp\/v2\/categories?post=487"},{"taxonomy":"post_tag","embeddable":true,"href":"http:\/\/www.ecoinea.org\/index.php\/wp-json\/wp\/v2\/tags?post=487"}],"curies":[{"name":"wp","href":"https:\/\/api.w.org\/{rel}","templated":true}]}}