{"id":491,"date":"2015-11-16T08:18:13","date_gmt":"2015-11-16T08:18:13","guid":{"rendered":"http:\/\/pai.inea.org\/?p=491"},"modified":"2018-06-14T07:36:16","modified_gmt":"2018-06-14T07:36:16","slug":"la-junta-anuncia-45-millones-de-euros-para-la-agricultura-ecologica","status":"publish","type":"post","link":"http:\/\/www.ecoinea.org\/index.php\/2015\/11\/16\/la-junta-anuncia-45-millones-de-euros-para-la-agricultura-ecologica\/","title":{"rendered":"La Junta anuncia 45 millones de Euros para la agricultura ecol\u00f3gica"},"content":{"rendered":"<p>La Consejera de Agricultura y Ganader\u00eda anunci\u00f3 que se van a dedicar 45 millones de euros en el nuevo PDR para promocionar y apoyar la Agricultura Ecol\u00f3gica. \u00bflo ver\u00e1n nuestros ojos? ser\u00e1 cierto? van a apoyar de verdad a los agricultores ecol\u00f3gicos? todo eso es una inc\u00f3gnita. Esperemos que no se los queden los de siempre: opas, administraci\u00f3n, organismos oficiales, etc.y que lleguen a aquellos que hagan trabajos que lo valen y que se esfuerzan por sacar adelante este sector productivo con el sudor de su frente.<\/p>\n<p><a href=\"http:\/\/www.ecoinea.org\/wp-content\/uploads\/2015\/11\/IMG-20151114-WA0000.jpg\"><img fetchpriority=\"high\" decoding=\"async\" class=\"aligncenter wp-image-492 size-full\" src=\"http:\/\/www.ecoinea.org\/wp-content\/uploads\/2015\/11\/IMG-20151114-WA0000.jpg\" alt=\"\" width=\"873\" height=\"1552\" srcset=\"http:\/\/www.ecoinea.org\/wp-content\/uploads\/2015\/11\/IMG-20151114-WA0000.jpg 873w, http:\/\/www.ecoinea.org\/wp-content\/uploads\/2015\/11\/IMG-20151114-WA0000-169x300.jpg 169w, http:\/\/www.ecoinea.org\/wp-content\/uploads\/2015\/11\/IMG-20151114-WA0000-768x1365.jpg 768w, http:\/\/www.ecoinea.org\/wp-content\/uploads\/2015\/11\/IMG-20151114-WA0000-576x1024.jpg 576w\" sizes=\"(max-width: 873px) 100vw, 873px\" \/><\/a><\/p>\n","protected":false},"excerpt":{"rendered":"<p>La Consejera de Agricultura y Ganader\u00eda anunci\u00f3 que se van a dedicar 45 millones de euros en el nuevo PDR para promocionar y apoyar la Agricultura Ecol\u00f3gica. \u00bflo ver\u00e1n nuestros ojos? ser\u00e1 cierto? van a apoyar de verdad a los agricultores ecol\u00f3gicos? todo eso es una inc\u00f3gnita. Esperemos que no se los queden los de &#8230; <a title=\"La Junta anuncia 45 millones de Euros para la agricultura ecol\u00f3gica\" class=\"read-more\" href=\"http:\/\/www.ecoinea.org\/index.php\/2015\/11\/16\/la-junta-anuncia-45-millones-de-euros-para-la-agricultura-ecologica\/\">Leer m\u00e1s<span class=\"screen-reader-text\">La Junta anuncia 45 millones de Euros para la agricultura ecol\u00f3gica<\/span><\/a><\/p>\n","protected":false},"author":1,"featured_media":0,"comment_status":"closed","ping_status":"closed","sticky":false,"template":"","format":"standard","meta":{"footnotes":""},"categories":[81],"tags":[89,99,114],"_links":{"self":[{"href":"http:\/\/www.ecoinea.org\/index.php\/wp-json\/wp\/v2\/posts\/491"}],"collection":[{"href":"http:\/\/www.ecoinea.org\/index.php\/wp-json\/wp\/v2\/posts"}],"about":[{"href":"http:\/\/www.ecoinea.org\/index.php\/wp-json\/wp\/v2\/types\/post"}],"author":[{"embeddable":true,"href":"http:\/\/www.ecoinea.org\/index.php\/wp-json\/wp\/v2\/users\/1"}],"replies":[{"embeddable":true,"href":"http:\/\/www.ecoinea.org\/index.php\/wp-json\/wp\/v2\/comments?post=491"}],"version-history":[{"count":3,"href":"http:\/\/www.ecoinea.org\/index.php\/wp-json\/wp\/v2\/posts\/491\/revisions"}],"predecessor-version":[{"id":1798,"href":"http:\/\/www.ecoinea.org\/index.php\/wp-json\/wp\/v2\/posts\/491\/revisions\/1798"}],"wp:attachment":[{"href":"http:\/\/www.ecoinea.org\/index.php\/wp-json\/wp\/v2\/media?parent=491"}],"wp:term":[{"taxonomy":"category","embeddable":true,"href":"http:\/\/www.ecoinea.org\/index.php\/wp-json\/wp\/v2\/categories?post=491"},{"taxonomy":"post_tag","embeddable":true,"href":"http:\/\/www.ecoinea.org\/index.php\/wp-json\/wp\/v2\/tags?post=491"}],"curies":[{"name":"wp","href":"https:\/\/api.w.org\/{rel}","templated":true}]}}