{"id":516,"date":"2015-11-26T08:17:40","date_gmt":"2015-11-26T08:17:40","guid":{"rendered":"http:\/\/pai.inea.org\/?p=516"},"modified":"2018-06-13T15:21:04","modified_gmt":"2018-06-13T15:21:04","slug":"alimentacion-ecologica-una-tendencia-sostenible","status":"publish","type":"post","link":"http:\/\/www.ecoinea.org\/index.php\/2015\/11\/26\/alimentacion-ecologica-una-tendencia-sostenible\/","title":{"rendered":"Alimentaci\u00f3n ecol\u00f3gica \u00bfuna tendencia sostenible?"},"content":{"rendered":"<p><b>El boom de la alimentaci\u00f3n ecol\u00f3gica en Espa\u00f1a: \u00bfburbuja o una tendencia sostenible?<\/b><\/p>\n<p>Pese a ser un sector\u00a0en crecimiento, el consumo de productos ecol\u00f3gicos en Espa\u00f1a\u00a0apenas alcanza el 2% sobre el total y supone solamente un gasto de 20 euros por persona al a\u00f1o, a mucha distancia todav\u00eda de otros mercados europeos<\/p>\n<p>Pese a los t\u00edmidos datos de consumo, Espa\u00f1a es el noveno productor mundial de este tipo de productos y el segundo en Europa con m\u00e1s certificaciones org\u00e1nicas<\/p>\n<p>La Uni\u00f3n Europea apuesta\u00a0fuerte por este sector, anunciando subvenciones\u00a0que ascienden a m\u00e1s de 1.000 millones de euros para\u00a0el periodo entre 2014 y 2020<\/p>\n<p><a title=\"Moha Gerehou\" href=\"http:\/\/www.eldiario.es\/autores\/moha_gerehou\/\" target=\"_blank\" rel=\"noopener\">Moha Gerehou<\/a><\/p>\n<p><a href=\"http:\/\/www.eldiario.es\/economia\/Existe-burbuja-precios-productos-ecologicos_0_453554819.html\" target=\"_blank\" rel=\"noopener\">http:\/\/www.eldiario.es\/<wbr \/>economia\/Existe-burbuja-<wbr \/>precios-productos-ecologicos_<wbr \/>0_453554819.html<\/a><\/p>\n","protected":false},"excerpt":{"rendered":"<p>El boom de la alimentaci\u00f3n ecol\u00f3gica en Espa\u00f1a: \u00bfburbuja o una tendencia sostenible? Pese a ser un sector\u00a0en crecimiento, el consumo de productos ecol\u00f3gicos en Espa\u00f1a\u00a0apenas alcanza el 2% sobre el total y supone solamente un gasto de 20 euros por persona al a\u00f1o, a mucha distancia todav\u00eda de otros mercados europeos Pese a los &#8230; <a title=\"Alimentaci\u00f3n ecol\u00f3gica \u00bfuna tendencia sostenible?\" class=\"read-more\" href=\"http:\/\/www.ecoinea.org\/index.php\/2015\/11\/26\/alimentacion-ecologica-una-tendencia-sostenible\/\">Leer m\u00e1s<span class=\"screen-reader-text\">Alimentaci\u00f3n ecol\u00f3gica \u00bfuna tendencia sostenible?<\/span><\/a><\/p>\n","protected":false},"author":1,"featured_media":0,"comment_status":"closed","ping_status":"closed","sticky":false,"template":"","format":"standard","meta":{"footnotes":""},"categories":[81],"tags":[114],"_links":{"self":[{"href":"http:\/\/www.ecoinea.org\/index.php\/wp-json\/wp\/v2\/posts\/516"}],"collection":[{"href":"http:\/\/www.ecoinea.org\/index.php\/wp-json\/wp\/v2\/posts"}],"about":[{"href":"http:\/\/www.ecoinea.org\/index.php\/wp-json\/wp\/v2\/types\/post"}],"author":[{"embeddable":true,"href":"http:\/\/www.ecoinea.org\/index.php\/wp-json\/wp\/v2\/users\/1"}],"replies":[{"embeddable":true,"href":"http:\/\/www.ecoinea.org\/index.php\/wp-json\/wp\/v2\/comments?post=516"}],"version-history":[{"count":1,"href":"http:\/\/www.ecoinea.org\/index.php\/wp-json\/wp\/v2\/posts\/516\/revisions"}],"predecessor-version":[{"id":1332,"href":"http:\/\/www.ecoinea.org\/index.php\/wp-json\/wp\/v2\/posts\/516\/revisions\/1332"}],"wp:attachment":[{"href":"http:\/\/www.ecoinea.org\/index.php\/wp-json\/wp\/v2\/media?parent=516"}],"wp:term":[{"taxonomy":"category","embeddable":true,"href":"http:\/\/www.ecoinea.org\/index.php\/wp-json\/wp\/v2\/categories?post=516"},{"taxonomy":"post_tag","embeddable":true,"href":"http:\/\/www.ecoinea.org\/index.php\/wp-json\/wp\/v2\/tags?post=516"}],"curies":[{"name":"wp","href":"https:\/\/api.w.org\/{rel}","templated":true}]}}