{"id":522,"date":"2015-12-02T07:46:22","date_gmt":"2015-12-02T07:46:22","guid":{"rendered":"http:\/\/pai.inea.org\/?p=522"},"modified":"2018-06-13T15:20:41","modified_gmt":"2018-06-13T15:20:41","slug":"se-suceden-las-buenas-noticias-por-la-cumbre-de-paris","status":"publish","type":"post","link":"http:\/\/www.ecoinea.org\/index.php\/2015\/12\/02\/se-suceden-las-buenas-noticias-por-la-cumbre-de-paris\/","title":{"rendered":"Se suceden las buenas noticias por la cumbre de PAR\u00cdS"},"content":{"rendered":"<p>La cumbre de Par\u00eds da lugar a un buen n\u00famero de buenas noticias en la prensa que tienen que ver con la ecolog\u00eda y la sostenibilidad. Un gran esfuerzo de \u00a0empresas, entidades, grupos, ongs, etc por aportar soluciones a este mundo herido.<\/p>\n<p>En el diario <a href=\"http:\/\/www.elmundo.es\/vida-sana\/2015\/12\/02\/56583044268e3ef9468b467e.html\" target=\"_blank\" rel=\"noopener\">El mundo<\/a><strong> sobre moda sostenible<\/strong><\/p>\n<p>En el diario <a href=\"http:\/\/www.elmundo.es\/ciencia\/2015\/12\/02\/565e32e3268e3edd348b4575.html\" target=\"_blank\" rel=\"noopener\">El mundo<\/a> <strong>sobre<\/strong> <strong>placas solares<\/strong><\/p>\n<p>En el diario <a href=\"http:\/\/www.elmundo.es\/grafico\/ciencia\/2015\/12\/02\/565df2a4268e3e82728b4666.html\" target=\"_blank\" rel=\"noopener\">El mundo<\/a>\u00a0<strong>sobre las posibilidades de detener el cambio clim\u00e1tico<\/strong>&#8230;<\/p>\n<p>Nos alegran este tipo de noticias, que se abran paso en los medios de comunicaci\u00f3n porque nos ayudan a sensibilizarnos a todos&#8230;<\/p>\n<h3 id=\"titulo_noticia\">Medio millar de fondos de inversi\u00f3n se alejan de las energ\u00edas f\u00f3siles<\/h3>\n<p>&nbsp;<\/p>\n<p>&nbsp;<\/p>\n","protected":false},"excerpt":{"rendered":"<p>La cumbre de Par\u00eds da lugar a un buen n\u00famero de buenas noticias en la prensa que tienen que ver con la ecolog\u00eda y la sostenibilidad. Un gran esfuerzo de \u00a0empresas, entidades, grupos, ongs, etc por aportar soluciones a este mundo herido. En el diario El mundo sobre moda sostenible En el diario El mundo &#8230; <a title=\"Se suceden las buenas noticias por la cumbre de PAR\u00cdS\" class=\"read-more\" href=\"http:\/\/www.ecoinea.org\/index.php\/2015\/12\/02\/se-suceden-las-buenas-noticias-por-la-cumbre-de-paris\/\">Leer m\u00e1s<span class=\"screen-reader-text\">Se suceden las buenas noticias por la cumbre de PAR\u00cdS<\/span><\/a><\/p>\n","protected":false},"author":1,"featured_media":0,"comment_status":"closed","ping_status":"closed","sticky":false,"template":"","format":"standard","meta":{"footnotes":""},"categories":[81],"tags":[130],"_links":{"self":[{"href":"http:\/\/www.ecoinea.org\/index.php\/wp-json\/wp\/v2\/posts\/522"}],"collection":[{"href":"http:\/\/www.ecoinea.org\/index.php\/wp-json\/wp\/v2\/posts"}],"about":[{"href":"http:\/\/www.ecoinea.org\/index.php\/wp-json\/wp\/v2\/types\/post"}],"author":[{"embeddable":true,"href":"http:\/\/www.ecoinea.org\/index.php\/wp-json\/wp\/v2\/users\/1"}],"replies":[{"embeddable":true,"href":"http:\/\/www.ecoinea.org\/index.php\/wp-json\/wp\/v2\/comments?post=522"}],"version-history":[{"count":2,"href":"http:\/\/www.ecoinea.org\/index.php\/wp-json\/wp\/v2\/posts\/522\/revisions"}],"predecessor-version":[{"id":1329,"href":"http:\/\/www.ecoinea.org\/index.php\/wp-json\/wp\/v2\/posts\/522\/revisions\/1329"}],"wp:attachment":[{"href":"http:\/\/www.ecoinea.org\/index.php\/wp-json\/wp\/v2\/media?parent=522"}],"wp:term":[{"taxonomy":"category","embeddable":true,"href":"http:\/\/www.ecoinea.org\/index.php\/wp-json\/wp\/v2\/categories?post=522"},{"taxonomy":"post_tag","embeddable":true,"href":"http:\/\/www.ecoinea.org\/index.php\/wp-json\/wp\/v2\/tags?post=522"}],"curies":[{"name":"wp","href":"https:\/\/api.w.org\/{rel}","templated":true}]}}