{"id":527,"date":"2015-12-05T10:37:43","date_gmt":"2015-12-05T10:37:43","guid":{"rendered":"http:\/\/pai.inea.org\/?p=527"},"modified":"2018-06-13T15:20:18","modified_gmt":"2018-06-13T15:20:18","slug":"cumbre-de-paria-espana-se-adhiere-a-la-iniciativa-4-por-mil","status":"publish","type":"post","link":"http:\/\/www.ecoinea.org\/index.php\/2015\/12\/05\/cumbre-de-paria-espana-se-adhiere-a-la-iniciativa-4-por-mil\/","title":{"rendered":"Cumbre de Par\u00eds: Espa\u00f1a se adhiere a la iniciativa 4 por mil"},"content":{"rendered":"<p>(De una informaci\u00f3n \u00a0de la SEAE)<\/p>\n<p><b>Espa\u00f1a se adhiere a la iniciativa \u201c4 por mil\u201d lanzada por el Gobierno franc\u00e9s en la COP 21<\/b><\/p>\n<p>NP Varios 03\/12\/2015<\/p>\n<p>Espa\u00f1a se ha sumado esta semana a \u201c4 por mil\u201c, una iniciativa pionera en el \u00e1mbito de la seguridad alimentaria y el cambio clim\u00e1tico que consiste en aumentar la capacidad de absorci\u00f3n de los suelos agr\u00edcolas en un 0,4 por ciento. El Gobierno de Francia, coincidiendo con el a\u00f1o internacional de los suelos y la importancia de \u00e9stos en la mitigaci\u00f3n del cambio clim\u00e1tico, ha lanzado esta iniciativa, que ha firmado la directora general de la Oficina Espa\u00f1ola de Cambio Clim\u00e1tico, Valvanera Ulargui, en representaci\u00f3n del Ministerio de Agricultura, Alimentaci\u00f3n y Medio Ambiente (MAGRAMA) de Espa\u00f1a.<\/p>\n<p>M\u00e1s de 30 pa\u00edses han confirmado su adhesi\u00f3n a esta iniciativa, entre ellos, Nueva Zelanda, Australia, Estados Unidos, Reino Unido, Uruguay y Espa\u00f1a, junto a organizaciones como la Organizaci\u00f3n de las Naciones Unidas para la Alimentaci\u00f3n y la Agricultura, FAO, el Centro Internacional de Altos Estudios Agron\u00f3micos Mediterr\u00e1neos (CIHEAM) y el Grupo Consultivo para la Investigaci\u00f3n Agr\u00edcola Internacional (CGIAR, por sus siglas en ingl\u00e9s) .<\/p>\n<p>Valvanera Ulargui ha confirmado el compromiso de Espa\u00f1a para mejorar el contenido de carbono org\u00e1nico de los suelos espa\u00f1oles, colaborando a nivel internacional para lograr el objetivo de la iniciativa \u201c4 por mil\u201d . El sector agrario es clave para Espa\u00f1a, especialmente vulnerable a los impactos del cambio clim\u00e1tico y juega un papel predominante en nuestra econom\u00eda. Esta iniciativa ofrece una oportunidad al sector para crecer, mejorando su productividad y reduciendo las emisiones.<\/p>\n<p><strong>PAPEL ACTIVO DE ESPA\u00d1A<\/strong><\/p>\n<p>Espa\u00f1a participar\u00e1 en este proyecto de una manera activa, generando conocimiento mediante un panel interdisciplinar que trabajar\u00e1 a trav\u00e9s de la innovaci\u00f3n para mejorar la productividad de los cultivos, minimizando las emisiones de gases de efecto invernadero y garantizando la resiliencia a los impactos de cambio clim\u00e1tico. El panel estar\u00e1 formado por expertos de administraciones, centros de investigaci\u00f3n, empresas, sociedad civil y organizaciones no gubernamentales. En ese sentido el MAGRAMA ha creado un Grupo de trabajo en nuestro pa\u00eds al que ha sido invitado\u00a0 SEAE.<\/p>\n<p>Adem\u00e1s, Espa\u00f1a compartir\u00e1 su experiencia con el Registro de Huella de Carbono y compensaci\u00f3n, a trav\u00e9s de proyectos de absorci\u00f3n en los suelos espa\u00f1oles. Por \u00faltimo, la Red Iberoamericana de Oficinas de Cambio Clim\u00e1tico se pondr\u00e1 a disposici\u00f3n de esta iniciativa para crear inteligencia en el desarrollo de pr\u00e1cticas sostenibles para los agricultores.<\/p>\n<p>Por su parte, el ministro de Agricultura franc\u00e9s, Stephan Le Foll, ha recordado durante esta presentaci\u00f3n la necesidad de desarrollar pol\u00edticas p\u00fablicas que permitan el acceso al conocimiento y a las tecnolog\u00edas y que, al mismo tiempo, movilicen a la poblaci\u00f3n para la puesta en pr\u00e1ctica de acciones en el \u00e1mbito del sector agr\u00edcola, ganadero y forestal que aseguren que los suelos ser\u00e1n garant\u00eda de un mundo mejor para las siguientes generaciones como base de una nueva revoluci\u00f3n, una revoluci\u00f3n doblemente verde que utilizar\u00e1 lo que la naturaleza ofrece para producir alimentos que garanticen la seguridad alimentaria mundial.<\/p>\n","protected":false},"excerpt":{"rendered":"<p>(De una informaci\u00f3n \u00a0de la SEAE) Espa\u00f1a se adhiere a la iniciativa \u201c4 por mil\u201d lanzada por el Gobierno franc\u00e9s en la COP 21 NP Varios 03\/12\/2015 Espa\u00f1a se ha sumado esta semana a \u201c4 por mil\u201c, una iniciativa pionera en el \u00e1mbito de la seguridad alimentaria y el cambio clim\u00e1tico que consiste en aumentar &#8230; <a title=\"Cumbre de Par\u00eds: Espa\u00f1a se adhiere a la iniciativa 4 por mil\" class=\"read-more\" href=\"http:\/\/www.ecoinea.org\/index.php\/2015\/12\/05\/cumbre-de-paria-espana-se-adhiere-a-la-iniciativa-4-por-mil\/\">Leer m\u00e1s<span class=\"screen-reader-text\">Cumbre de Par\u00eds: Espa\u00f1a se adhiere a la iniciativa 4 por mil<\/span><\/a><\/p>\n","protected":false},"author":1,"featured_media":0,"comment_status":"closed","ping_status":"closed","sticky":false,"template":"","format":"standard","meta":{"footnotes":""},"categories":[81],"tags":[130],"_links":{"self":[{"href":"http:\/\/www.ecoinea.org\/index.php\/wp-json\/wp\/v2\/posts\/527"}],"collection":[{"href":"http:\/\/www.ecoinea.org\/index.php\/wp-json\/wp\/v2\/posts"}],"about":[{"href":"http:\/\/www.ecoinea.org\/index.php\/wp-json\/wp\/v2\/types\/post"}],"author":[{"embeddable":true,"href":"http:\/\/www.ecoinea.org\/index.php\/wp-json\/wp\/v2\/users\/1"}],"replies":[{"embeddable":true,"href":"http:\/\/www.ecoinea.org\/index.php\/wp-json\/wp\/v2\/comments?post=527"}],"version-history":[{"count":1,"href":"http:\/\/www.ecoinea.org\/index.php\/wp-json\/wp\/v2\/posts\/527\/revisions"}],"predecessor-version":[{"id":1326,"href":"http:\/\/www.ecoinea.org\/index.php\/wp-json\/wp\/v2\/posts\/527\/revisions\/1326"}],"wp:attachment":[{"href":"http:\/\/www.ecoinea.org\/index.php\/wp-json\/wp\/v2\/media?parent=527"}],"wp:term":[{"taxonomy":"category","embeddable":true,"href":"http:\/\/www.ecoinea.org\/index.php\/wp-json\/wp\/v2\/categories?post=527"},{"taxonomy":"post_tag","embeddable":true,"href":"http:\/\/www.ecoinea.org\/index.php\/wp-json\/wp\/v2\/tags?post=527"}],"curies":[{"name":"wp","href":"https:\/\/api.w.org\/{rel}","templated":true}]}}