{"id":544,"date":"2015-12-24T11:01:42","date_gmt":"2015-12-24T11:01:42","guid":{"rendered":"http:\/\/pai.inea.org\/?p=544"},"modified":"2018-06-13T15:18:33","modified_gmt":"2018-06-13T15:18:33","slug":"la-produccion-ecologica-avanza-en-castilla-y-leon","status":"publish","type":"post","link":"http:\/\/www.ecoinea.org\/index.php\/2015\/12\/24\/la-produccion-ecologica-avanza-en-castilla-y-leon\/","title":{"rendered":"La producci\u00f3n ecol\u00f3gica avanza en Castilla y Le\u00f3n"},"content":{"rendered":"<p>As\u00ed lo refleja la prensa estos d\u00edas previos a la Navidad.<\/p>\n<p><a href=\"http:\/\/www.elnortedecastilla.es\/castillayleon\/201512\/20\/ecologico-esta-moda-agricultores-20151220192120.html\" target=\"_blank\" rel=\"noopener\"> El Norte de Castilla<\/a>\u00a0\u00a0 y tambi\u00e9n el peri\u00f3dico el <a href=\"http:\/\/www.eldiadevalladolid.com\/noticia\/Z87A49224-E2AD-8508-B1F8FFABD12F4A6B\/20151221\/numero\/agricultores\/ganaderos\/ecologicos\/crece\/50\/region\/cinco\/a%C3%B1os\" target=\"_blank\" rel=\"noopener\">D\u00eda de Valladolid<\/a><\/p>\n<p>Algo muy importante se est\u00e1 moviendo en este sector de producci\u00f3n agraria ecol\u00f3gica que merece la pena salir en los peri\u00f3dicos&#8230;..<\/p>\n<p>&nbsp;<\/p>\n","protected":false},"excerpt":{"rendered":"<p>As\u00ed lo refleja la prensa estos d\u00edas previos a la Navidad. El Norte de Castilla\u00a0\u00a0 y tambi\u00e9n el peri\u00f3dico el D\u00eda de Valladolid Algo muy importante se est\u00e1 moviendo en este sector de producci\u00f3n agraria ecol\u00f3gica que merece la pena salir en los peri\u00f3dicos&#8230;.. &nbsp;<\/p>\n","protected":false},"author":1,"featured_media":0,"comment_status":"closed","ping_status":"closed","sticky":false,"template":"","format":"standard","meta":{"footnotes":""},"categories":[81],"tags":[99,114],"_links":{"self":[{"href":"http:\/\/www.ecoinea.org\/index.php\/wp-json\/wp\/v2\/posts\/544"}],"collection":[{"href":"http:\/\/www.ecoinea.org\/index.php\/wp-json\/wp\/v2\/posts"}],"about":[{"href":"http:\/\/www.ecoinea.org\/index.php\/wp-json\/wp\/v2\/types\/post"}],"author":[{"embeddable":true,"href":"http:\/\/www.ecoinea.org\/index.php\/wp-json\/wp\/v2\/users\/1"}],"replies":[{"embeddable":true,"href":"http:\/\/www.ecoinea.org\/index.php\/wp-json\/wp\/v2\/comments?post=544"}],"version-history":[{"count":3,"href":"http:\/\/www.ecoinea.org\/index.php\/wp-json\/wp\/v2\/posts\/544\/revisions"}],"predecessor-version":[{"id":1320,"href":"http:\/\/www.ecoinea.org\/index.php\/wp-json\/wp\/v2\/posts\/544\/revisions\/1320"}],"wp:attachment":[{"href":"http:\/\/www.ecoinea.org\/index.php\/wp-json\/wp\/v2\/media?parent=544"}],"wp:term":[{"taxonomy":"category","embeddable":true,"href":"http:\/\/www.ecoinea.org\/index.php\/wp-json\/wp\/v2\/categories?post=544"},{"taxonomy":"post_tag","embeddable":true,"href":"http:\/\/www.ecoinea.org\/index.php\/wp-json\/wp\/v2\/tags?post=544"}],"curies":[{"name":"wp","href":"https:\/\/api.w.org\/{rel}","templated":true}]}}