{"id":546,"date":"2015-12-24T11:38:58","date_gmt":"2015-12-24T11:38:58","guid":{"rendered":"http:\/\/pai.inea.org\/?p=546"},"modified":"2018-06-13T15:17:50","modified_gmt":"2018-06-13T15:17:50","slug":"reunion-ayuntamiento-huertos-urbanos-inea","status":"publish","type":"post","link":"http:\/\/www.ecoinea.org\/index.php\/2015\/12\/24\/reunion-ayuntamiento-huertos-urbanos-inea\/","title":{"rendered":"Reuni\u00f3n Ayuntamiento-Huertos Urbanos-INEA"},"content":{"rendered":"<p>En la segunda semana de Diciembre ha tenido lugar esta reuni\u00f3n en el centro c\u00edvico Juan de Austria de Paseo Zorrilla. Acudieron unos 50 hortelanos y se habl\u00f3 sobre todo de cosas de organizaci\u00f3n de los huertos urbanos y de funcionamiento. EL AYuntamiento ha mostrado un vivo inter\u00e9s por este proyecto as\u00ed como porque funciones de una manera correcta. Agradecemos a Mar\u00eda S\u00e1nchez, Concejala, \u00a0que est\u00e9 pendiente de este tema as\u00ed como de los huertos ecol\u00f3gicos de INEA. Para el a\u00f1o que viene seguimos con todos los proyectos abiertos tanto en los ecol\u00f3gicos de Inea como en los Urbanos<\/p>\n","protected":false},"excerpt":{"rendered":"<p>En la segunda semana de Diciembre ha tenido lugar esta reuni\u00f3n en el centro c\u00edvico Juan de Austria de Paseo Zorrilla. Acudieron unos 50 hortelanos y se habl\u00f3 sobre todo de cosas de organizaci\u00f3n de los huertos urbanos y de funcionamiento. EL AYuntamiento ha mostrado un vivo inter\u00e9s por este proyecto as\u00ed como porque funciones &#8230; <a title=\"Reuni\u00f3n Ayuntamiento-Huertos Urbanos-INEA\" class=\"read-more\" href=\"http:\/\/www.ecoinea.org\/index.php\/2015\/12\/24\/reunion-ayuntamiento-huertos-urbanos-inea\/\">Leer m\u00e1s<span class=\"screen-reader-text\">Reuni\u00f3n Ayuntamiento-Huertos Urbanos-INEA<\/span><\/a><\/p>\n","protected":false},"author":1,"featured_media":0,"comment_status":"closed","ping_status":"closed","sticky":false,"template":"","format":"standard","meta":{"footnotes":""},"categories":[82,81],"tags":[126,98,96],"_links":{"self":[{"href":"http:\/\/www.ecoinea.org\/index.php\/wp-json\/wp\/v2\/posts\/546"}],"collection":[{"href":"http:\/\/www.ecoinea.org\/index.php\/wp-json\/wp\/v2\/posts"}],"about":[{"href":"http:\/\/www.ecoinea.org\/index.php\/wp-json\/wp\/v2\/types\/post"}],"author":[{"embeddable":true,"href":"http:\/\/www.ecoinea.org\/index.php\/wp-json\/wp\/v2\/users\/1"}],"replies":[{"embeddable":true,"href":"http:\/\/www.ecoinea.org\/index.php\/wp-json\/wp\/v2\/comments?post=546"}],"version-history":[{"count":1,"href":"http:\/\/www.ecoinea.org\/index.php\/wp-json\/wp\/v2\/posts\/546\/revisions"}],"predecessor-version":[{"id":1532,"href":"http:\/\/www.ecoinea.org\/index.php\/wp-json\/wp\/v2\/posts\/546\/revisions\/1532"}],"wp:attachment":[{"href":"http:\/\/www.ecoinea.org\/index.php\/wp-json\/wp\/v2\/media?parent=546"}],"wp:term":[{"taxonomy":"category","embeddable":true,"href":"http:\/\/www.ecoinea.org\/index.php\/wp-json\/wp\/v2\/categories?post=546"},{"taxonomy":"post_tag","embeddable":true,"href":"http:\/\/www.ecoinea.org\/index.php\/wp-json\/wp\/v2\/tags?post=546"}],"curies":[{"name":"wp","href":"https:\/\/api.w.org\/{rel}","templated":true}]}}